{"id":314668,"date":"2023-11-19T08:40:55","date_gmt":"2023-11-19T05:40:55","guid":{"rendered":"https:\/\/sana.sy\/es\/?p=314668"},"modified":"2023-11-20T07:12:29","modified_gmt":"2023-11-20T04:12:29","slug":"mas-de-300-palestinos-fueron-masacrados-en-43-dia-de-la-agresion-israeli-contra-gaza","status":"publish","type":"post","link":"https:\/\/archive.sana.sy\/es\/?p=314668","title":{"rendered":"M\u00e1s de 300 palestinos fueron masacrados en el d\u00eda 43 de la agresi\u00f3n israel\u00ed contra Gaza"},"content":{"rendered":"<p style=\"text-align: justify;\"><span style=\"color: #800000;\"><strong>Jerusal\u00e9n ocupada, 18 oct (SANA)\u00a0<\/strong><\/span> \u00a0Por 43\u00ba d\u00eda consecutivo, el ocupante israel\u00ed contin\u00faa su guerra de exterminio contra el pueblo palestino en la asediada Franja de Gaza.<\/p>\n<p>Hoy, las fuerzas sionistas han cometido nuevas masacres que cobraron la vida de m\u00e1s de 300 palestinos mientras cientos resultaron heridos, as\u00ed como asaltaron a hospitales.<\/p>\n<p>En Jabalia al norte de la Franja de Gaza, un ataque a\u00e9reo israel\u00ed contra la escuela Al-Fakhoura, que alberga a personas desplazadas, caus\u00f3 la muerte de m\u00e1s de 200 civiles, mientras un bombardeo similar tuvo como blanco una zona residencial, provocando la muerte de m\u00e1s de 50 palestinos y decenas de heridos.<\/p>\n<p>Asimismo, 41 palestinos, la mayor\u00eda son ni\u00f1os, perdieron la vida, y decenas resultaron heridos como resultado de los bombardeos de los aviones de ocupaci\u00f3n contra viviendas en Khan Yunis, al sur de la Franja de Gaza.<\/p>\n<p style=\"text-align: justify;\">Tambi\u00e9n, 17 palestinos perecieron en bombardeos israel\u00edes contra viviendas en el este Rafah y Deir al-Balah.<\/p>\n<p>Los equipos m\u00e9dicos y los cuadros de defensa civil en la Franja de Gaza enfrentan dificultades extremas para llegar a los lugares bombardeados para recuperar los cuerpos de los m\u00e1rtires y rescatar a los heridos, mientras 26 de los 35 hospitales quedaron fuera de servicio.<\/p>\n<p>fm\/ws<\/p>\n","protected":false},"excerpt":{"rendered":"<p>Jerusal\u00e9n ocupada, 18 oct (SANA)\u00a0 \u00a0Por 43\u00ba d\u00eda consecutivo, el ocupante israel\u00ed contin\u00faa su guerra de exterminio contra el pueblo palestino en la asediada Franja de Gaza. Hoy, las fuerzas sionistas han cometido nuevas masacres que cobraron la vida de m\u00e1s de 300 palestinos mientras cientos resultaron heridos, as\u00ed como asaltaron a hospitales. En Jabalia &hellip;<\/p>\n","protected":false},"author":35,"featured_media":314669,"comment_status":"closed","ping_status":"closed","sticky":false,"template":"","format":"standard","meta":{"footnotes":""},"categories":[597,456,16687,20724,583],"tags":[],"class_list":["post-314668","post","type-post","status-publish","format-standard","has-post-thumbnail","","category-cinta-de-noticias","category-arabe-internacional-politica","category-internacionales","category-minuto-a-minuto","category-slide"],"_links":{"self":[{"href":"https:\/\/archive.sana.sy\/es\/index.php?rest_route=\/wp\/v2\/posts\/314668"}],"collection":[{"href":"https:\/\/archive.sana.sy\/es\/index.php?rest_route=\/wp\/v2\/posts"}],"about":[{"href":"https:\/\/archive.sana.sy\/es\/index.php?rest_route=\/wp\/v2\/types\/post"}],"author":[{"embeddable":true,"href":"https:\/\/archive.sana.sy\/es\/index.php?rest_route=\/wp\/v2\/users\/35"}],"replies":[{"embeddable":true,"href":"https:\/\/archive.sana.sy\/es\/index.php?rest_route=%2Fwp%2Fv2%2Fcomments&post=314668"}],"version-history":[{"count":3,"href":"https:\/\/archive.sana.sy\/es\/index.php?rest_route=\/wp\/v2\/posts\/314668\/revisions"}],"predecessor-version":[{"id":314768,"href":"https:\/\/archive.sana.sy\/es\/index.php?rest_route=\/wp\/v2\/posts\/314668\/revisions\/314768"}],"wp:featuredmedia":[{"embeddable":true,"href":"https:\/\/archive.sana.sy\/es\/index.php?rest_route=\/wp\/v2\/media\/314669"}],"wp:attachment":[{"href":"https:\/\/archive.sana.sy\/es\/index.php?rest_route=%2Fwp%2Fv2%2Fmedia&parent=314668"}],"wp:term":[{"taxonomy":"category","embeddable":true,"href":"https:\/\/archive.sana.sy\/es\/index.php?rest_route=%2Fwp%2Fv2%2Fcategories&post=314668"},{"taxonomy":"post_tag","embeddable":true,"href":"https:\/\/archive.sana.sy\/es\/index.php?rest_route=%2Fwp%2Fv2%2Ftags&post=314668"}],"curies":[{"name":"wp","href":"https:\/\/api.w.org\/{rel}","templated":true}]}}