{"id":314672,"date":"2023-11-19T10:38:03","date_gmt":"2023-11-19T07:38:03","guid":{"rendered":"https:\/\/sana.sy\/es\/?p=314672"},"modified":"2023-11-19T10:38:23","modified_gmt":"2023-11-19T07:38:23","slug":"chilenos-exhiben-calzados-infantiles-tenidos-de-rojo-en-rechazo-al-asesinato-israeli-de-ninos-palestinos","status":"publish","type":"post","link":"https:\/\/archive.sana.sy\/es\/?p=314672","title":{"rendered":"Chilenos exhiben calzados infantiles te\u00f1idos de rojo en rechazo al asesinato israel\u00ed de ni\u00f1os palestinos"},"content":{"rendered":"<p style=\"text-align: justify;\"><span style=\"color: #800000;\"><strong>Santiago de Chile, 19 nov (SANA)<\/strong>\u00a0 \u00a0<\/span>Cientos de zapatos infantiles fueron depositados el s\u00e1bado frente al Palacio de La Moneda, sede del gobierno de Chile, en repudio al asesinato de ni\u00f1os en la Franja de Gaza, perpetrado por Israel.<\/p>\n<p style=\"text-align: justify;\">Seg\u00fan la agencia \u201cPrensa Latina\u201d, las banquetas de la Plaza de la Constituci\u00f3n quedaron llenas de calzado de peque\u00f1os, muchos te\u00f1idos de rojo, en memoria de los infantes v\u00edctimas de los bombardeos del ej\u00e9rcito israel\u00ed.<\/p>\n<p style=\"text-align: justify;\">\u201cEsto es un s\u00edmbolo de la barbarie sionista , un homenaje a los m\u00e1s de cinco mil ni\u00f1os palestinos que nunca m\u00e1s van a poder utilizar estos zapatos\u201d declar\u00f3 a Prensa Latina C\u00e9sar Abouid.<\/p>\n<p style=\"text-align: justify;\">Agreg\u00f3 que el objetivo de esta acci\u00f3n es crear conciencia sobre esta tragedia y movilizar a los pueblos en todo el mundo para detener el genocidio.<\/p>\n<p style=\"text-align: justify;\">Desde 1967, cuando la Guerra de los Seis D\u00edas, EE.UU. dej\u00f3 de ser neutral y ahora est\u00e1 apoyando directamente la masacre contra los gazat\u00edes, asever\u00f3.<\/p>\n<p style=\"text-align: justify;\">La joven Ayad Hamil de origen palestino dijo que si la gente se hubiera levantado cuando empez\u00f3 todo esto hace 70 a\u00f1os, ahora la situaci\u00f3n ser\u00eda distinta, pero la indiferencia del mundo alent\u00f3 a Israel a seguir ocupando cada vez m\u00e1s territorios palestinos.<\/p>\n<p style=\"text-align: justify;\">Ahora Gaza es el campo de concentraci\u00f3n a cielo abierto m\u00e1s grande del mundo, similar a los creados por Hitler para los jud\u00edos durante la II Guerra Mundial, expres\u00f3.<\/p>\n<p style=\"text-align: justify;\"><strong>ws\/fm<\/strong><\/p>\n","protected":false},"excerpt":{"rendered":"<p>Santiago de Chile, 19 nov (SANA)\u00a0 \u00a0Cientos de zapatos infantiles fueron depositados el s\u00e1bado frente al Palacio de La Moneda, sede del gobierno de Chile, en repudio al asesinato de ni\u00f1os en la Franja de Gaza, perpetrado por Israel. Seg\u00fan la agencia \u201cPrensa Latina\u201d, las banquetas de la Plaza de la Constituci\u00f3n quedaron llenas de &hellip;<\/p>\n","protected":false},"author":35,"featured_media":314673,"comment_status":"closed","ping_status":"closed","sticky":false,"template":"","format":"standard","meta":{"footnotes":""},"categories":[597,456,16687,20724,7541],"tags":[],"class_list":["post-314672","post","type-post","status-publish","format-standard","has-post-thumbnail","","category-cinta-de-noticias","category-arabe-internacional-politica","category-internacionales","category-minuto-a-minuto","category-ultimas-noticias"],"_links":{"self":[{"href":"https:\/\/archive.sana.sy\/es\/index.php?rest_route=\/wp\/v2\/posts\/314672"}],"collection":[{"href":"https:\/\/archive.sana.sy\/es\/index.php?rest_route=\/wp\/v2\/posts"}],"about":[{"href":"https:\/\/archive.sana.sy\/es\/index.php?rest_route=\/wp\/v2\/types\/post"}],"author":[{"embeddable":true,"href":"https:\/\/archive.sana.sy\/es\/index.php?rest_route=\/wp\/v2\/users\/35"}],"replies":[{"embeddable":true,"href":"https:\/\/archive.sana.sy\/es\/index.php?rest_route=%2Fwp%2Fv2%2Fcomments&post=314672"}],"version-history":[{"count":2,"href":"https:\/\/archive.sana.sy\/es\/index.php?rest_route=\/wp\/v2\/posts\/314672\/revisions"}],"predecessor-version":[{"id":314675,"href":"https:\/\/archive.sana.sy\/es\/index.php?rest_route=\/wp\/v2\/posts\/314672\/revisions\/314675"}],"wp:featuredmedia":[{"embeddable":true,"href":"https:\/\/archive.sana.sy\/es\/index.php?rest_route=\/wp\/v2\/media\/314673"}],"wp:attachment":[{"href":"https:\/\/archive.sana.sy\/es\/index.php?rest_route=%2Fwp%2Fv2%2Fmedia&parent=314672"}],"wp:term":[{"taxonomy":"category","embeddable":true,"href":"https:\/\/archive.sana.sy\/es\/index.php?rest_route=%2Fwp%2Fv2%2Fcategories&post=314672"},{"taxonomy":"post_tag","embeddable":true,"href":"https:\/\/archive.sana.sy\/es\/index.php?rest_route=%2Fwp%2Fv2%2Ftags&post=314672"}],"curies":[{"name":"wp","href":"https:\/\/api.w.org\/{rel}","templated":true}]}}