{"id":314718,"date":"2023-11-19T13:53:45","date_gmt":"2023-11-19T10:53:45","guid":{"rendered":"https:\/\/sana.sy\/es\/?p=314718"},"modified":"2023-11-19T13:53:45","modified_gmt":"2023-11-19T10:53:45","slug":"caracas-apoya-imposicion-de-un-embargo-petrolero-a-israel","status":"publish","type":"post","link":"https:\/\/archive.sana.sy\/es\/?p=314718","title":{"rendered":"Caracas apoya imposici\u00f3n de un embargo petrolero a \u201cIsrael\u201d"},"content":{"rendered":"<p style=\"text-align: justify;\"><span style=\"color: #800000;\"><strong>Caracas, 19 nov (SANA)<\/strong> <\/span>El canciller venezolano Iv\u00e1n Gil Pinto, anunci\u00f3 el apoyo de su pa\u00eds a la imposici\u00f3n de un embargo petrolero a \u201cIsrael\u201d para frenar sus cr\u00edmenes contra los palestinos en Gaza.<\/p>\n<p style=\"text-align: justify;\">Gil Pinto calific\u00f3 de \u201ccrimen\u201d y una violaci\u00f3n de todos los acuerdos internacionales en materia de derecho humanitario lo que sufre el pueblo palestino en la Franja de Gaza, y destac\u00f3 que la entidad israel\u00ed est\u00e1 cometiendo genocidio, y Venezuela insiste en un alto el fuego sin condiciones y organizando y facilitar la entrada de la ayuda humanitaria.<\/p>\n<p style=\"text-align: justify;\">El jefe de la diplomacia de la naci\u00f3n sudamericana se\u00f1al\u00f3 que Caracas no exporta petr\u00f3leo a \u201cIsrael\u201d y no tiene relaciones diplom\u00e1ticas con ese estado, pero apoyar\u00e1 cualquier medida que se adopte en la Organizaci\u00f3n de Pa\u00edses Exportadores de Petr\u00f3leo (OPEP) para resolver la situaci\u00f3n en Gaza.<\/p>\n<p style=\"text-align: justify;\">Anteriormente, el ministro de Asuntos Exteriores iran\u00ed, Hossein Amir Abdollahian, pidi\u00f3 que se prohibiera el suministro de petr\u00f3leo a la entidad israel\u00ed y que fuera procesada por los \u201ccr\u00edmenes de guerra\u201d que comete contra el pueblo palestino en la Franja de Gaza.<\/p>\n<p style=\"text-align: justify;\">fm\/as<\/p>\n","protected":false},"excerpt":{"rendered":"<p>Caracas, 19 nov (SANA) El canciller venezolano Iv\u00e1n Gil Pinto, anunci\u00f3 el apoyo de su pa\u00eds a la imposici\u00f3n de un embargo petrolero a \u201cIsrael\u201d para frenar sus cr\u00edmenes contra los palestinos en Gaza. Gil Pinto calific\u00f3 de \u201ccrimen\u201d y una violaci\u00f3n de todos los acuerdos internacionales en materia de derecho humanitario lo que sufre &hellip;<\/p>\n","protected":false},"author":42,"featured_media":314719,"comment_status":"closed","ping_status":"closed","sticky":false,"template":"","format":"standard","meta":{"footnotes":""},"categories":[597,456,16687,20724,7541],"tags":[],"class_list":["post-314718","post","type-post","status-publish","format-standard","has-post-thumbnail","","category-cinta-de-noticias","category-arabe-internacional-politica","category-internacionales","category-minuto-a-minuto","category-ultimas-noticias"],"_links":{"self":[{"href":"https:\/\/archive.sana.sy\/es\/index.php?rest_route=\/wp\/v2\/posts\/314718"}],"collection":[{"href":"https:\/\/archive.sana.sy\/es\/index.php?rest_route=\/wp\/v2\/posts"}],"about":[{"href":"https:\/\/archive.sana.sy\/es\/index.php?rest_route=\/wp\/v2\/types\/post"}],"author":[{"embeddable":true,"href":"https:\/\/archive.sana.sy\/es\/index.php?rest_route=\/wp\/v2\/users\/42"}],"replies":[{"embeddable":true,"href":"https:\/\/archive.sana.sy\/es\/index.php?rest_route=%2Fwp%2Fv2%2Fcomments&post=314718"}],"version-history":[{"count":1,"href":"https:\/\/archive.sana.sy\/es\/index.php?rest_route=\/wp\/v2\/posts\/314718\/revisions"}],"predecessor-version":[{"id":314720,"href":"https:\/\/archive.sana.sy\/es\/index.php?rest_route=\/wp\/v2\/posts\/314718\/revisions\/314720"}],"wp:featuredmedia":[{"embeddable":true,"href":"https:\/\/archive.sana.sy\/es\/index.php?rest_route=\/wp\/v2\/media\/314719"}],"wp:attachment":[{"href":"https:\/\/archive.sana.sy\/es\/index.php?rest_route=%2Fwp%2Fv2%2Fmedia&parent=314718"}],"wp:term":[{"taxonomy":"category","embeddable":true,"href":"https:\/\/archive.sana.sy\/es\/index.php?rest_route=%2Fwp%2Fv2%2Fcategories&post=314718"},{"taxonomy":"post_tag","embeddable":true,"href":"https:\/\/archive.sana.sy\/es\/index.php?rest_route=%2Fwp%2Fv2%2Ftags&post=314718"}],"curies":[{"name":"wp","href":"https:\/\/api.w.org\/{rel}","templated":true}]}}