{"id":314721,"date":"2023-11-19T13:58:26","date_gmt":"2023-11-19T10:58:26","guid":{"rendered":"https:\/\/sana.sy\/es\/?p=314721"},"modified":"2023-11-19T13:58:26","modified_gmt":"2023-11-19T10:58:26","slug":"resistencia-iraqui-ataca-base-estadounidense-en-el-norte-de-iraq","status":"publish","type":"post","link":"https:\/\/archive.sana.sy\/es\/?p=314721","title":{"rendered":"Resistencia iraqu\u00ed ataca base estadounidense en el norte de Iraq"},"content":{"rendered":"<p style=\"text-align: justify;\"><span style=\"color: #800000;\"><strong>Bagdad, 19 nov (SANA)<\/strong><\/span> La Resistencia Isl\u00e1mica en Iraq atac\u00f3 con un dron las fuerzas de ocupaci\u00f3n estadounidenses concentradas en la base de Harir, en el norte de Iraq.<\/p>\n<p style=\"text-align: justify;\">Por medio de un comunicado, la Resistencia indic\u00f3 que su acci\u00f3n fue en respuesta a los cr\u00edmenes cometidos por el enemigo israel\u00ed contra el pueblo palestino en Gaza.<\/p>\n<p style=\"text-align: justify;\">Aclar\u00f3 que el veh\u00edculo a\u00e9reo no tripulado impact\u00f3 contra el blanco fijado por los resistentes.<\/p>\n<p style=\"text-align: justify;\">La v\u00edspera, la Resistencia iraqu\u00ed atac\u00f3 con un dron las fuerzas de ocupaci\u00f3n estadounidenses en la zona de Al-Tanf, en la frontera sirio-iraqu\u00ed.<\/p>\n<p style=\"text-align: justify;\">fm\/as<\/p>\n","protected":false},"excerpt":{"rendered":"<p>Bagdad, 19 nov (SANA) La Resistencia Isl\u00e1mica en Iraq atac\u00f3 con un dron las fuerzas de ocupaci\u00f3n estadounidenses concentradas en la base de Harir, en el norte de Iraq. Por medio de un comunicado, la Resistencia indic\u00f3 que su acci\u00f3n fue en respuesta a los cr\u00edmenes cometidos por el enemigo israel\u00ed contra el pueblo palestino &hellip;<\/p>\n","protected":false},"author":42,"featured_media":314722,"comment_status":"closed","ping_status":"closed","sticky":false,"template":"","format":"standard","meta":{"footnotes":""},"categories":[597,456,16687,20724,7541],"tags":[],"class_list":["post-314721","post","type-post","status-publish","format-standard","has-post-thumbnail","","category-cinta-de-noticias","category-arabe-internacional-politica","category-internacionales","category-minuto-a-minuto","category-ultimas-noticias"],"_links":{"self":[{"href":"https:\/\/archive.sana.sy\/es\/index.php?rest_route=\/wp\/v2\/posts\/314721"}],"collection":[{"href":"https:\/\/archive.sana.sy\/es\/index.php?rest_route=\/wp\/v2\/posts"}],"about":[{"href":"https:\/\/archive.sana.sy\/es\/index.php?rest_route=\/wp\/v2\/types\/post"}],"author":[{"embeddable":true,"href":"https:\/\/archive.sana.sy\/es\/index.php?rest_route=\/wp\/v2\/users\/42"}],"replies":[{"embeddable":true,"href":"https:\/\/archive.sana.sy\/es\/index.php?rest_route=%2Fwp%2Fv2%2Fcomments&post=314721"}],"version-history":[{"count":1,"href":"https:\/\/archive.sana.sy\/es\/index.php?rest_route=\/wp\/v2\/posts\/314721\/revisions"}],"predecessor-version":[{"id":314723,"href":"https:\/\/archive.sana.sy\/es\/index.php?rest_route=\/wp\/v2\/posts\/314721\/revisions\/314723"}],"wp:featuredmedia":[{"embeddable":true,"href":"https:\/\/archive.sana.sy\/es\/index.php?rest_route=\/wp\/v2\/media\/314722"}],"wp:attachment":[{"href":"https:\/\/archive.sana.sy\/es\/index.php?rest_route=%2Fwp%2Fv2%2Fmedia&parent=314721"}],"wp:term":[{"taxonomy":"category","embeddable":true,"href":"https:\/\/archive.sana.sy\/es\/index.php?rest_route=%2Fwp%2Fv2%2Fcategories&post=314721"},{"taxonomy":"post_tag","embeddable":true,"href":"https:\/\/archive.sana.sy\/es\/index.php?rest_route=%2Fwp%2Fv2%2Ftags&post=314721"}],"curies":[{"name":"wp","href":"https:\/\/api.w.org\/{rel}","templated":true}]}}