{"id":314724,"date":"2023-11-19T14:10:51","date_gmt":"2023-11-19T11:10:51","guid":{"rendered":"https:\/\/sana.sy\/es\/?p=314724"},"modified":"2023-11-19T14:10:51","modified_gmt":"2023-11-19T11:10:51","slug":"protesta-en-paris-contra-el-genocidio-israeli-en-gaza","status":"publish","type":"post","link":"https:\/\/archive.sana.sy\/es\/?p=314724","title":{"rendered":"Protesta en Par\u00eds contra el genocidio israel\u00ed en Gaza"},"content":{"rendered":"<p style=\"text-align: justify;\"><span style=\"color: #800000;\"><strong>Par\u00eds, 19 nov (SANA)<\/strong> <\/span>Miles de personas marcharon hoy en Par\u00eds detr\u00e1s de una banderola con los reclamos del fin de la masacre y un alto el fuego en la Franja de Gaza, atacada por Israel durante 43 d\u00edas.<\/p>\n<p>En su recorrido con destino a la c\u00e9ntrica Plaza de la Rep\u00fablica y desafiando la lluvia, manifestantes con pancartas y banderas palestinas denunciaron los cr\u00edmenes israel\u00edes en el enclave densamente poblado, donde se reportan m\u00e1s de 12 mil muertos y una destrucci\u00f3n total por los bombardeos y los ataques terrestres.<\/p>\n<p style=\"text-align: justify;\">&#8220;Estamos aqu\u00ed para pedir que la paz se coloque en el orden del d\u00eda y para llorar a todas las v\u00edctimas, independientemente de su nacionalidad, afirm\u00f3 la secretaria general de la Confederaci\u00f3n General del Trabajo, Sophie Binet.<\/p>\n<p style=\"text-align: justify;\">fm\/as<\/p>\n","protected":false},"excerpt":{"rendered":"<p>Par\u00eds, 19 nov (SANA) Miles de personas marcharon hoy en Par\u00eds detr\u00e1s de una banderola con los reclamos del fin de la masacre y un alto el fuego en la Franja de Gaza, atacada por Israel durante 43 d\u00edas. En su recorrido con destino a la c\u00e9ntrica Plaza de la Rep\u00fablica y desafiando la lluvia, &hellip;<\/p>\n","protected":false},"author":42,"featured_media":314726,"comment_status":"closed","ping_status":"closed","sticky":false,"template":"","format":"standard","meta":{"footnotes":""},"categories":[597,456,16687,20724,7541],"tags":[],"class_list":["post-314724","post","type-post","status-publish","format-standard","has-post-thumbnail","","category-cinta-de-noticias","category-arabe-internacional-politica","category-internacionales","category-minuto-a-minuto","category-ultimas-noticias"],"_links":{"self":[{"href":"https:\/\/archive.sana.sy\/es\/index.php?rest_route=\/wp\/v2\/posts\/314724"}],"collection":[{"href":"https:\/\/archive.sana.sy\/es\/index.php?rest_route=\/wp\/v2\/posts"}],"about":[{"href":"https:\/\/archive.sana.sy\/es\/index.php?rest_route=\/wp\/v2\/types\/post"}],"author":[{"embeddable":true,"href":"https:\/\/archive.sana.sy\/es\/index.php?rest_route=\/wp\/v2\/users\/42"}],"replies":[{"embeddable":true,"href":"https:\/\/archive.sana.sy\/es\/index.php?rest_route=%2Fwp%2Fv2%2Fcomments&post=314724"}],"version-history":[{"count":1,"href":"https:\/\/archive.sana.sy\/es\/index.php?rest_route=\/wp\/v2\/posts\/314724\/revisions"}],"predecessor-version":[{"id":314727,"href":"https:\/\/archive.sana.sy\/es\/index.php?rest_route=\/wp\/v2\/posts\/314724\/revisions\/314727"}],"wp:featuredmedia":[{"embeddable":true,"href":"https:\/\/archive.sana.sy\/es\/index.php?rest_route=\/wp\/v2\/media\/314726"}],"wp:attachment":[{"href":"https:\/\/archive.sana.sy\/es\/index.php?rest_route=%2Fwp%2Fv2%2Fmedia&parent=314724"}],"wp:term":[{"taxonomy":"category","embeddable":true,"href":"https:\/\/archive.sana.sy\/es\/index.php?rest_route=%2Fwp%2Fv2%2Fcategories&post=314724"},{"taxonomy":"post_tag","embeddable":true,"href":"https:\/\/archive.sana.sy\/es\/index.php?rest_route=%2Fwp%2Fv2%2Ftags&post=314724"}],"curies":[{"name":"wp","href":"https:\/\/api.w.org\/{rel}","templated":true}]}}