{"id":314728,"date":"2023-11-19T14:12:48","date_gmt":"2023-11-19T11:12:48","guid":{"rendered":"https:\/\/sana.sy\/es\/?p=314728"},"modified":"2023-11-19T14:12:48","modified_gmt":"2023-11-19T11:12:48","slug":"el-portavoz-del-ejercito-de-ocupacion-israeli-admitio-la-muerte-de-dos-militares-durante-los-enfrentamientos-en-el-norte-de-la-franja-de-gaza-lo-que-asciende-a-380-la-cifra-de-soldados-sionistas-muer","status":"publish","type":"post","link":"https:\/\/archive.sana.sy\/es\/?p=314728","title":{"rendered":"El portavoz del ej\u00e9rcito de ocupaci\u00f3n israel\u00ed admiti\u00f3 la muerte de dos militares durante los enfrentamientos en el norte de la Franja de Gaza, lo que asciende a 380 la cifra de soldados sionistas muertos desde el 7 de octubre."},"content":{"rendered":"","protected":false},"excerpt":{"rendered":"","protected":false},"author":42,"featured_media":0,"comment_status":"closed","ping_status":"closed","sticky":false,"template":"","format":"standard","meta":{"footnotes":""},"categories":[20724,596],"tags":[],"class_list":["post-314728","post","type-post","status-publish","format-standard","","category-minuto-a-minuto","category-urgente"],"_links":{"self":[{"href":"https:\/\/archive.sana.sy\/es\/index.php?rest_route=\/wp\/v2\/posts\/314728"}],"collection":[{"href":"https:\/\/archive.sana.sy\/es\/index.php?rest_route=\/wp\/v2\/posts"}],"about":[{"href":"https:\/\/archive.sana.sy\/es\/index.php?rest_route=\/wp\/v2\/types\/post"}],"author":[{"embeddable":true,"href":"https:\/\/archive.sana.sy\/es\/index.php?rest_route=\/wp\/v2\/users\/42"}],"replies":[{"embeddable":true,"href":"https:\/\/archive.sana.sy\/es\/index.php?rest_route=%2Fwp%2Fv2%2Fcomments&post=314728"}],"version-history":[{"count":1,"href":"https:\/\/archive.sana.sy\/es\/index.php?rest_route=\/wp\/v2\/posts\/314728\/revisions"}],"predecessor-version":[{"id":314729,"href":"https:\/\/archive.sana.sy\/es\/index.php?rest_route=\/wp\/v2\/posts\/314728\/revisions\/314729"}],"wp:attachment":[{"href":"https:\/\/archive.sana.sy\/es\/index.php?rest_route=%2Fwp%2Fv2%2Fmedia&parent=314728"}],"wp:term":[{"taxonomy":"category","embeddable":true,"href":"https:\/\/archive.sana.sy\/es\/index.php?rest_route=%2Fwp%2Fv2%2Fcategories&post=314728"},{"taxonomy":"post_tag","embeddable":true,"href":"https:\/\/archive.sana.sy\/es\/index.php?rest_route=%2Fwp%2Fv2%2Ftags&post=314728"}],"curies":[{"name":"wp","href":"https:\/\/api.w.org\/{rel}","templated":true}]}}