{"id":31474,"date":"2015-10-12T19:15:00","date_gmt":"2015-10-12T16:15:00","guid":{"rendered":"http:\/\/sana.sy\/es\/?p=31474"},"modified":"2015-10-12T19:15:00","modified_gmt":"2015-10-12T16:15:00","slug":"shaaban-presenta-al-canciller-de-china-una-explicacion-detallada-sobre-la-crisis-siria","status":"publish","type":"post","link":"https:\/\/archive.sana.sy\/es\/?p=31474","title":{"rendered":"Shaaban presenta al canciller de China una explicaci\u00f3n detallada sobre la crisis siria"},"content":{"rendered":"<p>Pek\u00edn-SANA<\/p>\n<p>La Asesora Pol\u00edtica y de Medios de Comunicaci\u00f3n de la Presidencia, Bouthaina Shaaban se reuni\u00f3 el lunes con el ministro de Relaciones Exteriores de China, Wang Yi, en la sede del Ministerio en Pek\u00edn.<\/p>\n<p>Durante la reuni\u00f3n, Shaaban dio una explicaci\u00f3n detallada de la crisis de Siria y de los \u00faltimos acontecimientos pol\u00edticos y militares en el pa\u00eds, en particular la cooperaci\u00f3n conjunta ruso-siria en materia de la lucha contra el terrorismo, as\u00ed como se\u00f1al\u00f3 el papel que juegan algunas partes regionales e internacionales en la guerra desatada contra Siria.<\/p>\n<p>De igual modo elogi\u00f3 las posturas de China hacia la crisis en Siria y el apoyo que proporciona este pa\u00eds asi\u00e1tico al pueblo sirio, as\u00ed como abord\u00f3 las relaciones bilaterales y los temas de inter\u00e9s mutuo.<\/p>\n<p>Por su parte, Wang destac\u00f3 la necesidad de aunar los esfuerzos internacionales para combatir el terrorismo y cooperar con los pa\u00edses que sufren de este flagelo, sin que haya una violaci\u00f3n de la soberan\u00eda de estos Estados.<\/p>\n<p>Tambi\u00e9n afirm\u00f3 que la soluci\u00f3n pol\u00edtica para la crisis en Siria es inevitable y subray\u00f3 la importancia de la cooperaci\u00f3n internacional para aliviar la crisis humanitaria, reiter\u00f3 adem\u00e1s el apoyo de China a la soberan\u00eda, la independencia y la integridad territorial de Siria.<\/p>\n<p>Wang concluy\u00f3 diciendo que el futuro de Siria debe ser decidido por el pueblo sirio lejos de todas las formas de intervenci\u00f3n extranjera, y agreg\u00f3 que China har\u00e1 todo lo posible para ayudar a lograr eso.<\/p>\n<p>Yamil K.<\/p>\n","protected":false},"excerpt":{"rendered":"<p>Pek\u00edn-SANA La Asesora Pol\u00edtica y de Medios de Comunicaci\u00f3n de la Presidencia, Bouthaina Shaaban se reuni\u00f3 el lunes con el ministro de Relaciones Exteriores de China, Wang Yi, en la sede del Ministerio en Pek\u00edn. Durante la reuni\u00f3n, Shaaban dio una explicaci\u00f3n detallada de la crisis de Siria y de los \u00faltimos acontecimientos pol\u00edticos y &hellip;<\/p>\n","protected":false},"author":1,"featured_media":31475,"comment_status":"closed","ping_status":"closed","sticky":false,"template":"","format":"standard","meta":{"footnotes":""},"categories":[456,457,576],"tags":[],"class_list":["post-31474","post","type-post","status-publish","format-standard","has-post-thumbnail","","category-arabe-internacional-politica","category-noticias-arabe-internacional-politica","category-noticias-politicas"],"_links":{"self":[{"href":"https:\/\/archive.sana.sy\/es\/index.php?rest_route=\/wp\/v2\/posts\/31474"}],"collection":[{"href":"https:\/\/archive.sana.sy\/es\/index.php?rest_route=\/wp\/v2\/posts"}],"about":[{"href":"https:\/\/archive.sana.sy\/es\/index.php?rest_route=\/wp\/v2\/types\/post"}],"author":[{"embeddable":true,"href":"https:\/\/archive.sana.sy\/es\/index.php?rest_route=\/wp\/v2\/users\/1"}],"replies":[{"embeddable":true,"href":"https:\/\/archive.sana.sy\/es\/index.php?rest_route=%2Fwp%2Fv2%2Fcomments&post=31474"}],"version-history":[{"count":0,"href":"https:\/\/archive.sana.sy\/es\/index.php?rest_route=\/wp\/v2\/posts\/31474\/revisions"}],"wp:featuredmedia":[{"embeddable":true,"href":"https:\/\/archive.sana.sy\/es\/index.php?rest_route=\/wp\/v2\/media\/31475"}],"wp:attachment":[{"href":"https:\/\/archive.sana.sy\/es\/index.php?rest_route=%2Fwp%2Fv2%2Fmedia&parent=31474"}],"wp:term":[{"taxonomy":"category","embeddable":true,"href":"https:\/\/archive.sana.sy\/es\/index.php?rest_route=%2Fwp%2Fv2%2Fcategories&post=31474"},{"taxonomy":"post_tag","embeddable":true,"href":"https:\/\/archive.sana.sy\/es\/index.php?rest_route=%2Fwp%2Fv2%2Ftags&post=31474"}],"curies":[{"name":"wp","href":"https:\/\/api.w.org\/{rel}","templated":true}]}}