{"id":314754,"date":"2023-11-19T08:45:56","date_gmt":"2023-11-19T05:45:56","guid":{"rendered":"https:\/\/sana.sy\/es\/?p=314754"},"modified":"2023-11-19T20:45:33","modified_gmt":"2023-11-19T17:45:33","slug":"se-eleva-a-19-000-la-cifra-de-muertos-y-desaparecidos-palestinos-por-la-agresion-israeli-contra-gaza","status":"publish","type":"post","link":"https:\/\/archive.sana.sy\/es\/?p=314754","title":{"rendered":"Se eleva a 19.000 la cifra de muertos y desaparecidos palestinos por la agresi\u00f3n israel\u00ed contra Gaza"},"content":{"rendered":"<p style=\"text-align: justify;\"><span style=\"color: #800000;\"><strong>Jerusal\u00e9n ocupada, 19 nov (SANA)<\/strong><\/span>\u00a0 La cifra de v\u00edctimas de la actual agresi\u00f3n israel\u00ed contra la Franja de Gaza ha aumentado a m\u00e1s de 13.000 muertos.<\/p>\n<p style=\"text-align: justify;\">La Oficina de Prensa en Gaza inform\u00f3 en un comunicado que entre los muertos hay 5.500 ni\u00f1os y 3.500 mujeres.<\/p>\n<p style=\"text-align: justify;\">Asimismo, asegur\u00f3 que el n\u00famero de heridos lleg\u00f3 a m\u00e1s de 29.000, el 75 por ciento de ellos son ni\u00f1os y mujeres.<\/p>\n<p style=\"text-align: justify;\">Dio a conocer que hay m\u00e1s de 6.000 personas desaparecidas bajo los escombros, incluidos m\u00e1s de 4.000 ni\u00f1os y mujeres.<\/p>\n<p style=\"text-align: justify;\">La v\u00edspera, la Oficina indic\u00f3 que el n\u00famero de m\u00e1rtires del personal m\u00e9dico lleg\u00f3 a 200 m\u00e9dicos, enfermeras y param\u00e9dicos, as\u00ed como a 22 hombres de defensa civil y 56 periodistas.<\/p>\n<p style=\"text-align: justify;\">Declar\u00f3 que la agresi\u00f3n israel\u00ed provoc\u00f3 la retirada del servicio de 25 hospitales, 52 centros de salud y 55 ambulancias, y se\u00f1al\u00f3 que, como parte de la guerra del ocupaci\u00f3n contra los hospitales, fue bombardeado el Hospital Al-Wafa que es un Centro de Atenci\u00f3n a los Ancianos en la ciudad de Al-Zahraa, que atiende a m\u00e1s 60 hombres y mujeres de edad avanzada.<\/p>\n<p style=\"text-align: justify;\">rr\/fm<\/p>\n","protected":false},"excerpt":{"rendered":"<p>Jerusal\u00e9n ocupada, 19 nov (SANA)\u00a0 La cifra de v\u00edctimas de la actual agresi\u00f3n israel\u00ed contra la Franja de Gaza ha aumentado a m\u00e1s de 13.000 muertos. La Oficina de Prensa en Gaza inform\u00f3 en un comunicado que entre los muertos hay 5.500 ni\u00f1os y 3.500 mujeres. Asimismo, asegur\u00f3 que el n\u00famero de heridos lleg\u00f3 a &hellip;<\/p>\n","protected":false},"author":31,"featured_media":314760,"comment_status":"closed","ping_status":"closed","sticky":false,"template":"","format":"standard","meta":{"footnotes":""},"categories":[597,456,16687,583],"tags":[12002,1494],"class_list":["post-314754","post","type-post","status-publish","format-standard","has-post-thumbnail","","category-cinta-de-noticias","category-arabe-internacional-politica","category-internacionales","category-slide","tag-gaza","tag-palestina"],"_links":{"self":[{"href":"https:\/\/archive.sana.sy\/es\/index.php?rest_route=\/wp\/v2\/posts\/314754"}],"collection":[{"href":"https:\/\/archive.sana.sy\/es\/index.php?rest_route=\/wp\/v2\/posts"}],"about":[{"href":"https:\/\/archive.sana.sy\/es\/index.php?rest_route=\/wp\/v2\/types\/post"}],"author":[{"embeddable":true,"href":"https:\/\/archive.sana.sy\/es\/index.php?rest_route=\/wp\/v2\/users\/31"}],"replies":[{"embeddable":true,"href":"https:\/\/archive.sana.sy\/es\/index.php?rest_route=%2Fwp%2Fv2%2Fcomments&post=314754"}],"version-history":[{"count":1,"href":"https:\/\/archive.sana.sy\/es\/index.php?rest_route=\/wp\/v2\/posts\/314754\/revisions"}],"predecessor-version":[{"id":314761,"href":"https:\/\/archive.sana.sy\/es\/index.php?rest_route=\/wp\/v2\/posts\/314754\/revisions\/314761"}],"wp:featuredmedia":[{"embeddable":true,"href":"https:\/\/archive.sana.sy\/es\/index.php?rest_route=\/wp\/v2\/media\/314760"}],"wp:attachment":[{"href":"https:\/\/archive.sana.sy\/es\/index.php?rest_route=%2Fwp%2Fv2%2Fmedia&parent=314754"}],"wp:term":[{"taxonomy":"category","embeddable":true,"href":"https:\/\/archive.sana.sy\/es\/index.php?rest_route=%2Fwp%2Fv2%2Fcategories&post=314754"},{"taxonomy":"post_tag","embeddable":true,"href":"https:\/\/archive.sana.sy\/es\/index.php?rest_route=%2Fwp%2Fv2%2Ftags&post=314754"}],"curies":[{"name":"wp","href":"https:\/\/api.w.org\/{rel}","templated":true}]}}