{"id":314755,"date":"2023-11-19T20:46:10","date_gmt":"2023-11-19T17:46:10","guid":{"rendered":"https:\/\/sana.sy\/es\/?p=314755"},"modified":"2023-11-19T20:57:54","modified_gmt":"2023-11-19T17:57:54","slug":"siria-y-cuba-firman-acuerdo-para-la-cooperacion-diplomatica","status":"publish","type":"post","link":"https:\/\/archive.sana.sy\/es\/?p=314755","title":{"rendered":"Siria y Cuba firman acuerdo para la cooperaci\u00f3n diplom\u00e1tica"},"content":{"rendered":"<blockquote>\n<p style=\"text-align: justify;\"><span style=\"color: #993300;\">En unas palabras pronunciadas durante la ceremonia de firma, Al-Mekdad destac\u00f3 las profundas relaciones hist\u00f3ricas entre los dos pa\u00edses amigos, y subray\u00f3 la importancia de este acuerdo en t\u00e9rminos de intercambio de experiencias diplom\u00e1ticas y profesionales, y consider\u00f3 que se trata de un nuevo cap\u00edtulo de una cooperaci\u00f3n fruct\u00edfera entre los dos pa\u00edses.<\/span><\/p>\n<\/blockquote>\n<p style=\"text-align: justify;\"><span style=\"color: #800000;\"><strong>Damasco, 19 nov (SANA)<\/strong><\/span> En presencia del ministro de Asuntos Exteriores y Expatriados, Faisal Al-Mekdad, y de los embajadores y jefes de misiones diplom\u00e1ticas de los pa\u00edses sudamericanos en Damasco, el director del Instituto Diplom\u00e1tico de la Canciller\u00eda siria, Imad Mustafa, y el embajador de Cuba en Damasco, Luis Mariano Rodr\u00edguez Hern\u00e1ndez, en representaci\u00f3n del Instituto Superior de Relaciones Internacionales del Ministerio de Relaciones Exteriores de Cuba, firmaron en Damasco un acuerdo de cooperaci\u00f3n.<\/p>\n<p style=\"text-align: justify;\">En unas palabras pronunciadas durante la ceremonia de firma, Al-Mekdad destac\u00f3 las profundas relaciones hist\u00f3ricas entre los dos pa\u00edses amigos, y subray\u00f3 la importancia de este acuerdo en t\u00e9rminos de intercambio de experiencias diplom\u00e1ticas y profesionales, y consider\u00f3 que se trata de un nuevo cap\u00edtulo de una cooperaci\u00f3n fruct\u00edfera entre los dos pa\u00edses.<\/p>\n<p style=\"text-align: justify;\">El Canciller abord\u00f3 los cr\u00edmenes cometidos por las fuerzas de ocupaci\u00f3n sionista en Gaza y la agudizaci\u00f3n de la tragedia humana que vive el pueblo palestino como resultado del aumento de las masacres y cr\u00edmenes de lesa humanidad.<\/p>\n<p style=\"text-align: justify;\">Elogi\u00f3 las posiciones adoptadas por los pa\u00edses de Am\u00e9rica del Sur de romper sus relaciones con la entidad sionista, llamando al resto de los pa\u00edses a tomar posiciones contra las pol\u00edticas y pr\u00e1cticas agresivas de \u201cIsrael\u201d que violan el derecho internacional humanitario.<\/p>\n<p style=\"text-align: justify;\">A su vez, el embajador cubano en Damasco pronunci\u00f3 un discurso en el que destac\u00f3 la fortaleza de las relaciones entre Siria y Cuba, el apoyo mutuo entre ambos pa\u00edses en los foros internacionales y la convergencia de visiones y posiciones.<\/p>\n<p style=\"text-align: justify;\">Subray\u00f3 la importancia de firmar este acuerdo en t\u00e9rminos de intercambio de experiencias, lo que repercutir\u00e1 positivamente en los cuadros diplom\u00e1ticos sirios y cubanos.<\/p>\n<p style=\"text-align: justify;\">El diplom\u00e1tico cubano afirm\u00f3 la condena de su pa\u00eds a los cr\u00edmenes cometidos por las fuerzas israel\u00edes contra el pueblo palestino.<\/p>\n<p style=\"text-align: justify;\">A la reuni\u00f3n asistieron el viceministro de Asuntos Exteriores y Expatriados, Bassam Al-Sabagh, y varios directores del Ministerio de Asuntos Exteriores y Expatriados.<\/p>\n<div id='gallery-1' class='gallery galleryid-314755 gallery-columns-1 gallery-size-full'><figure class='gallery-item'>\n\t\t\t<div class='gallery-icon landscape'>\n\t\t\t\t<a href='https:\/\/archive.sana.sy\/es\/wp-content\/uploads\/2023\/11\/photo_2023-11-19_20-51-25.jpg'><img loading=\"lazy\" decoding=\"async\" width=\"660\" height=\"330\" src=\"https:\/\/archive.sana.sy\/es\/wp-content\/uploads\/2023\/11\/photo_2023-11-19_20-51-25.jpg\" class=\"attachment-full size-full\" alt=\"\" srcset=\"https:\/\/archive.sana.sy\/es\/wp-content\/uploads\/2023\/11\/photo_2023-11-19_20-51-25.jpg 660w, https:\/\/archive.sana.sy\/es\/wp-content\/uploads\/2023\/11\/photo_2023-11-19_20-51-25-300x150.jpg 300w, https:\/\/archive.sana.sy\/es\/wp-content\/uploads\/2023\/11\/photo_2023-11-19_20-51-25-150x75.jpg 150w\" sizes=\"(max-width: 660px) 100vw, 660px\" \/><\/a>\n\t\t\t<\/div><\/figure><figure class='gallery-item'>\n\t\t\t<div class='gallery-icon landscape'>\n\t\t\t\t<a href='https:\/\/archive.sana.sy\/es\/wp-content\/uploads\/2023\/11\/photo_2023-11-19_20-51-23.jpg'><img loading=\"lazy\" decoding=\"async\" width=\"660\" height=\"440\" src=\"https:\/\/archive.sana.sy\/es\/wp-content\/uploads\/2023\/11\/photo_2023-11-19_20-51-23.jpg\" class=\"attachment-full size-full\" alt=\"\" srcset=\"https:\/\/archive.sana.sy\/es\/wp-content\/uploads\/2023\/11\/photo_2023-11-19_20-51-23.jpg 660w, https:\/\/archive.sana.sy\/es\/wp-content\/uploads\/2023\/11\/photo_2023-11-19_20-51-23-300x200.jpg 300w, https:\/\/archive.sana.sy\/es\/wp-content\/uploads\/2023\/11\/photo_2023-11-19_20-51-23-150x100.jpg 150w\" sizes=\"(max-width: 660px) 100vw, 660px\" \/><\/a>\n\t\t\t<\/div><\/figure><figure class='gallery-item'>\n\t\t\t<div class='gallery-icon landscape'>\n\t\t\t\t<a href='https:\/\/archive.sana.sy\/es\/wp-content\/uploads\/2023\/11\/photo_2023-11-19_20-37-24-1.jpg'><img loading=\"lazy\" decoding=\"async\" width=\"1280\" height=\"591\" src=\"https:\/\/archive.sana.sy\/es\/wp-content\/uploads\/2023\/11\/photo_2023-11-19_20-37-24-1.jpg\" class=\"attachment-full size-full\" alt=\"\" srcset=\"https:\/\/archive.sana.sy\/es\/wp-content\/uploads\/2023\/11\/photo_2023-11-19_20-37-24-1.jpg 1280w, https:\/\/archive.sana.sy\/es\/wp-content\/uploads\/2023\/11\/photo_2023-11-19_20-37-24-1-300x139.jpg 300w, https:\/\/archive.sana.sy\/es\/wp-content\/uploads\/2023\/11\/photo_2023-11-19_20-37-24-1-1024x473.jpg 1024w, https:\/\/archive.sana.sy\/es\/wp-content\/uploads\/2023\/11\/photo_2023-11-19_20-37-24-1-150x69.jpg 150w, https:\/\/archive.sana.sy\/es\/wp-content\/uploads\/2023\/11\/photo_2023-11-19_20-37-24-1-768x355.jpg 768w\" sizes=\"(max-width: 1280px) 100vw, 1280px\" \/><\/a>\n\t\t\t<\/div><\/figure>\n\t\t<\/div>\n\n<p>&nbsp;<\/p>\n<p style=\"text-align: justify;\">fm\/rr<\/p>\n","protected":false},"excerpt":{"rendered":"<p>En unas palabras pronunciadas durante la ceremonia de firma, Al-Mekdad destac\u00f3 las profundas relaciones hist\u00f3ricas entre los dos pa\u00edses amigos, y subray\u00f3 la importancia de este acuerdo en t\u00e9rminos de intercambio de experiencias diplom\u00e1ticas y profesionales, y consider\u00f3 que se trata de un nuevo cap\u00edtulo de una cooperaci\u00f3n fruct\u00edfera entre los dos pa\u00edses. Damasco, 19 &hellip;<\/p>\n","protected":false},"author":31,"featured_media":314756,"comment_status":"closed","ping_status":"closed","sticky":false,"template":"","format":"standard","meta":{"footnotes":""},"categories":[597,467,583],"tags":[6868,6553],"class_list":["post-314755","post","type-post","status-publish","format-standard","has-post-thumbnail","","category-cinta-de-noticias","category-siria-y-el-mundo","category-slide","tag-cuba","tag-siria"],"_links":{"self":[{"href":"https:\/\/archive.sana.sy\/es\/index.php?rest_route=\/wp\/v2\/posts\/314755"}],"collection":[{"href":"https:\/\/archive.sana.sy\/es\/index.php?rest_route=\/wp\/v2\/posts"}],"about":[{"href":"https:\/\/archive.sana.sy\/es\/index.php?rest_route=\/wp\/v2\/types\/post"}],"author":[{"embeddable":true,"href":"https:\/\/archive.sana.sy\/es\/index.php?rest_route=\/wp\/v2\/users\/31"}],"replies":[{"embeddable":true,"href":"https:\/\/archive.sana.sy\/es\/index.php?rest_route=%2Fwp%2Fv2%2Fcomments&post=314755"}],"version-history":[{"count":2,"href":"https:\/\/archive.sana.sy\/es\/index.php?rest_route=\/wp\/v2\/posts\/314755\/revisions"}],"predecessor-version":[{"id":314767,"href":"https:\/\/archive.sana.sy\/es\/index.php?rest_route=\/wp\/v2\/posts\/314755\/revisions\/314767"}],"wp:featuredmedia":[{"embeddable":true,"href":"https:\/\/archive.sana.sy\/es\/index.php?rest_route=\/wp\/v2\/media\/314756"}],"wp:attachment":[{"href":"https:\/\/archive.sana.sy\/es\/index.php?rest_route=%2Fwp%2Fv2%2Fmedia&parent=314755"}],"wp:term":[{"taxonomy":"category","embeddable":true,"href":"https:\/\/archive.sana.sy\/es\/index.php?rest_route=%2Fwp%2Fv2%2Fcategories&post=314755"},{"taxonomy":"post_tag","embeddable":true,"href":"https:\/\/archive.sana.sy\/es\/index.php?rest_route=%2Fwp%2Fv2%2Ftags&post=314755"}],"curies":[{"name":"wp","href":"https:\/\/api.w.org\/{rel}","templated":true}]}}