{"id":314817,"date":"2023-11-20T13:14:21","date_gmt":"2023-11-20T10:14:21","guid":{"rendered":"https:\/\/sana.sy\/es\/?p=314817"},"modified":"2023-11-20T14:20:45","modified_gmt":"2023-11-20T11:20:45","slug":"agresion-fascista-israeli-contra-gaza-entra-en-su-45-dia-consecutivo","status":"publish","type":"post","link":"https:\/\/archive.sana.sy\/es\/?p=314817","title":{"rendered":"Agresi\u00f3n fascista israel\u00ed contra Gaza entra en su 45 d\u00eda consecutivo"},"content":{"rendered":"<p style=\"text-align: justify;\"><span style=\"color: #800000;\"><strong>\u00a0Jerusal\u00e9n ocupada, 20 nov (SANA)\u00a0<\/strong> <\/span>Decenas de palestinos perdieron la vida o resultaron heridos en el 45 d\u00eda de la agresi\u00f3n israel\u00ed contra la Franja de Gaza, mientras las fuerzas israel\u00edes bombardearon y asediaron el Hospital Indonesio.<\/p>\n<p style=\"text-align: justify;\">Los cazas israel\u00edes bombardearon viviendas en los campamentos de Nuseirat y Bureij en el centro de la Franja y las cercan\u00edas del hospital al-Najjar en Rafah, y otras \u00e1reas en Khan Yunis al sur.<\/p>\n<p style=\"text-align: justify;\">Al mismo tiempo, las fuerzas sionistas atacaron una escuela que albergaba a personas desplazadas cerca del Hospital Indonesio en el norte de Gaza, lo que provoc\u00f3 la muerte de 60 personas mientras decenas resultaron heridos.<\/p>\n<p style=\"text-align: justify;\">Por otro lado, las tropas sionistas asediaron el Hospital Indonesio con decenas de veh\u00edculos y tanques, y lo bombardearon con artiller\u00eda, provocando la muerte de 12 de palestinos, incluidos dos miembros del personal m\u00e9dico.<\/p>\n<p style=\"text-align: justify;\">Los francotiradores israel\u00edes se desplegaron en los tejados de los edificios cercanos al hospital y dispararon contra cualquiera que intente salir del mismo e impidieron que las ambulancias lleguen para transportar a los heridos.<\/p>\n<p style=\"text-align: justify;\">El Hospital Indonesio es el \u00fanico que funciona parcialmente en el norte de la Franja de Gaza.<\/p>\n<p style=\"text-align: justify;\">ed\/fm<\/p>\n","protected":false},"excerpt":{"rendered":"<p>\u00a0Jerusal\u00e9n ocupada, 20 nov (SANA)\u00a0 Decenas de palestinos perdieron la vida o resultaron heridos en el 45 d\u00eda de la agresi\u00f3n israel\u00ed contra la Franja de Gaza, mientras las fuerzas israel\u00edes bombardearon y asediaron el Hospital Indonesio. Los cazas israel\u00edes bombardearon viviendas en los campamentos de Nuseirat y Bureij en el centro de la Franja &hellip;<\/p>\n","protected":false},"author":32,"featured_media":314820,"comment_status":"closed","ping_status":"closed","sticky":false,"template":"","format":"standard","meta":{"footnotes":""},"categories":[597,456,20724,7541],"tags":[],"class_list":["post-314817","post","type-post","status-publish","format-standard","has-post-thumbnail","","category-cinta-de-noticias","category-arabe-internacional-politica","category-minuto-a-minuto","category-ultimas-noticias"],"_links":{"self":[{"href":"https:\/\/archive.sana.sy\/es\/index.php?rest_route=\/wp\/v2\/posts\/314817"}],"collection":[{"href":"https:\/\/archive.sana.sy\/es\/index.php?rest_route=\/wp\/v2\/posts"}],"about":[{"href":"https:\/\/archive.sana.sy\/es\/index.php?rest_route=\/wp\/v2\/types\/post"}],"author":[{"embeddable":true,"href":"https:\/\/archive.sana.sy\/es\/index.php?rest_route=\/wp\/v2\/users\/32"}],"replies":[{"embeddable":true,"href":"https:\/\/archive.sana.sy\/es\/index.php?rest_route=%2Fwp%2Fv2%2Fcomments&post=314817"}],"version-history":[{"count":2,"href":"https:\/\/archive.sana.sy\/es\/index.php?rest_route=\/wp\/v2\/posts\/314817\/revisions"}],"predecessor-version":[{"id":314821,"href":"https:\/\/archive.sana.sy\/es\/index.php?rest_route=\/wp\/v2\/posts\/314817\/revisions\/314821"}],"wp:featuredmedia":[{"embeddable":true,"href":"https:\/\/archive.sana.sy\/es\/index.php?rest_route=\/wp\/v2\/media\/314820"}],"wp:attachment":[{"href":"https:\/\/archive.sana.sy\/es\/index.php?rest_route=%2Fwp%2Fv2%2Fmedia&parent=314817"}],"wp:term":[{"taxonomy":"category","embeddable":true,"href":"https:\/\/archive.sana.sy\/es\/index.php?rest_route=%2Fwp%2Fv2%2Fcategories&post=314817"},{"taxonomy":"post_tag","embeddable":true,"href":"https:\/\/archive.sana.sy\/es\/index.php?rest_route=%2Fwp%2Fv2%2Ftags&post=314817"}],"curies":[{"name":"wp","href":"https:\/\/api.w.org\/{rel}","templated":true}]}}