{"id":314822,"date":"2023-11-20T14:27:27","date_gmt":"2023-11-20T11:27:27","guid":{"rendered":"http:\/\/sana.sy\/es\/?p=314822"},"modified":"2023-11-20T14:59:43","modified_gmt":"2023-11-20T11:59:43","slug":"en-el-dia-internacional-del-nino-israel-asesino-a-mas-de-5-mil-ninos-palestinos-en-gaza","status":"publish","type":"post","link":"https:\/\/archive.sana.sy\/es\/?p=314822","title":{"rendered":"En el D\u00eda Internacional del Ni\u00f1o, \u201cIsrael\u201d asesin\u00f3 a m\u00e1s de 5 mil ni\u00f1os palestinos en Gaza"},"content":{"rendered":"<p style=\"text-align: justify;\"><span style=\"color: #800000;\"><strong>Jerusal\u00e9n ocupada, 20 nov (SANA)<\/strong> <\/span>El Ministerio de Educaci\u00f3n palestino anunci\u00f3 hoy que m\u00e1s de 5.000 ni\u00f1os, entre ellos 3.000 estudiantes, han sido asesinados desde el comienzo de la agresi\u00f3n del ocupante israel\u00ed contra la asediada Franja de Gaza.<\/p>\n<p style=\"text-align: justify;\">\u201cLas horribles escenas de las matanza de menores y estudiantes en la Franja de Gaza violan todas las normas y convenciones internacionales, y revelan la mentalidad de las fuerzas de ocupaci\u00f3n israel\u00edes y sus ataques contra el sector educativo en toda Palestina\u201d, inform\u00f3 la agencia palestina Wafa citando al Ministerio.<\/p>\n<p style=\"text-align: justify;\">Similares escenas se producen en Cisjordania, incluidos asesinatos a sangre fr\u00eda, redadas contra escuelas y obstrucci\u00f3n del acceso a estudiantes y profesores.<\/p>\n<p style=\"text-align: justify;\">El Ministerio llam\u00f3 a todos los pa\u00edses, organizaciones e instituciones encargadas de proteger la infancia y el derecho a la educaci\u00f3n a asumir la responsabilidad en el marco de su jurisdicci\u00f3n, frenar la escalada de violaciones, detener los cr\u00edmenes cometidos por los ocupantes contra ni\u00f1os, escolares y trabajadores del sector educativo en todas partes de Palestina e intervenir urgentemente para detener la agresi\u00f3n contra la Franja de Gaza.<\/p>\n<p style=\"text-align: justify;\">ed\/fm<\/p>\n","protected":false},"excerpt":{"rendered":"<p>Jerusal\u00e9n ocupada, 20 nov (SANA) El Ministerio de Educaci\u00f3n palestino anunci\u00f3 hoy que m\u00e1s de 5.000 ni\u00f1os, entre ellos 3.000 estudiantes, han sido asesinados desde el comienzo de la agresi\u00f3n del ocupante israel\u00ed contra la asediada Franja de Gaza. \u201cLas horribles escenas de las matanza de menores y estudiantes en la Franja de Gaza violan &hellip;<\/p>\n","protected":false},"author":32,"featured_media":314823,"comment_status":"closed","ping_status":"closed","sticky":false,"template":"","format":"standard","meta":{"footnotes":""},"categories":[597,456,20724,583],"tags":[],"class_list":["post-314822","post","type-post","status-publish","format-standard","has-post-thumbnail","","category-cinta-de-noticias","category-arabe-internacional-politica","category-minuto-a-minuto","category-slide"],"_links":{"self":[{"href":"https:\/\/archive.sana.sy\/es\/index.php?rest_route=\/wp\/v2\/posts\/314822"}],"collection":[{"href":"https:\/\/archive.sana.sy\/es\/index.php?rest_route=\/wp\/v2\/posts"}],"about":[{"href":"https:\/\/archive.sana.sy\/es\/index.php?rest_route=\/wp\/v2\/types\/post"}],"author":[{"embeddable":true,"href":"https:\/\/archive.sana.sy\/es\/index.php?rest_route=\/wp\/v2\/users\/32"}],"replies":[{"embeddable":true,"href":"https:\/\/archive.sana.sy\/es\/index.php?rest_route=%2Fwp%2Fv2%2Fcomments&post=314822"}],"version-history":[{"count":1,"href":"https:\/\/archive.sana.sy\/es\/index.php?rest_route=\/wp\/v2\/posts\/314822\/revisions"}],"predecessor-version":[{"id":314824,"href":"https:\/\/archive.sana.sy\/es\/index.php?rest_route=\/wp\/v2\/posts\/314822\/revisions\/314824"}],"wp:featuredmedia":[{"embeddable":true,"href":"https:\/\/archive.sana.sy\/es\/index.php?rest_route=\/wp\/v2\/media\/314823"}],"wp:attachment":[{"href":"https:\/\/archive.sana.sy\/es\/index.php?rest_route=%2Fwp%2Fv2%2Fmedia&parent=314822"}],"wp:term":[{"taxonomy":"category","embeddable":true,"href":"https:\/\/archive.sana.sy\/es\/index.php?rest_route=%2Fwp%2Fv2%2Fcategories&post=314822"},{"taxonomy":"post_tag","embeddable":true,"href":"https:\/\/archive.sana.sy\/es\/index.php?rest_route=%2Fwp%2Fv2%2Ftags&post=314822"}],"curies":[{"name":"wp","href":"https:\/\/api.w.org\/{rel}","templated":true}]}}