{"id":314829,"date":"2023-11-20T15:35:43","date_gmt":"2023-11-20T12:35:43","guid":{"rendered":"https:\/\/sana.sy\/es\/?p=314829"},"modified":"2023-11-20T15:35:43","modified_gmt":"2023-11-20T12:35:43","slug":"revelan-cifras-de-heridos-israelies-desde-el-comienzo-de-la-guerra-contra-gaza","status":"publish","type":"post","link":"https:\/\/archive.sana.sy\/es\/?p=314829","title":{"rendered":"Revelan cifras de heridos israel\u00edes desde el comienzo de la guerra contra Gaza"},"content":{"rendered":"<p style=\"text-align: justify;\"><span style=\"color: #800000;\"><strong>Damasco, 20 nov (SANA)\u00a0<\/strong><\/span> Fuentes m\u00e9dicas israel\u00edes citadas por la televisora Al-Mayadeen informaron que el n\u00famero de lesionados entre colonos y soldados israel\u00edes en los hospitales ha aumentado a 8.650 desde el comienzo de la guerra.<\/p>\n<p style=\"text-align: justify;\">Las fuentes indicaron que los heridos se distribuyen geogr\u00e1ficamente de la siguiente manera: 1.523 heridos en la frontera con el L\u00edbano, 2.399 heridos en el centro y 4.738 heridos en el sur.<\/p>\n<p style=\"text-align: justify;\">Detallaron que 128 de los heridos se encuentra en muerte cl\u00ednica en los hospitales, 34 casos cr\u00edticos, 378 casos dif\u00edciles y 740 casos moderados.<\/p>\n<p style=\"text-align: justify;\">Por otro lado, el n\u00famero de oficiales y soldados israel\u00edes muertos, que el ej\u00e9rcito israel\u00ed permiti\u00f3 publicar, asciende a 387 muertos desde el pasado 7 de octubre.<\/p>\n<p style=\"text-align: justify;\">fm\/ed<\/p>\n","protected":false},"excerpt":{"rendered":"<p>Damasco, 20 nov (SANA)\u00a0 Fuentes m\u00e9dicas israel\u00edes citadas por la televisora Al-Mayadeen informaron que el n\u00famero de lesionados entre colonos y soldados israel\u00edes en los hospitales ha aumentado a 8.650 desde el comienzo de la guerra. Las fuentes indicaron que los heridos se distribuyen geogr\u00e1ficamente de la siguiente manera: 1.523 heridos en la frontera con &hellip;<\/p>\n","protected":false},"author":32,"featured_media":314831,"comment_status":"closed","ping_status":"closed","sticky":false,"template":"","format":"standard","meta":{"footnotes":""},"categories":[597,456,20724,476,7541],"tags":[],"class_list":["post-314829","post","type-post","status-publish","format-standard","has-post-thumbnail","","category-cinta-de-noticias","category-arabe-internacional-politica","category-minuto-a-minuto","category-locales","category-ultimas-noticias"],"_links":{"self":[{"href":"https:\/\/archive.sana.sy\/es\/index.php?rest_route=\/wp\/v2\/posts\/314829"}],"collection":[{"href":"https:\/\/archive.sana.sy\/es\/index.php?rest_route=\/wp\/v2\/posts"}],"about":[{"href":"https:\/\/archive.sana.sy\/es\/index.php?rest_route=\/wp\/v2\/types\/post"}],"author":[{"embeddable":true,"href":"https:\/\/archive.sana.sy\/es\/index.php?rest_route=\/wp\/v2\/users\/32"}],"replies":[{"embeddable":true,"href":"https:\/\/archive.sana.sy\/es\/index.php?rest_route=%2Fwp%2Fv2%2Fcomments&post=314829"}],"version-history":[{"count":1,"href":"https:\/\/archive.sana.sy\/es\/index.php?rest_route=\/wp\/v2\/posts\/314829\/revisions"}],"predecessor-version":[{"id":314832,"href":"https:\/\/archive.sana.sy\/es\/index.php?rest_route=\/wp\/v2\/posts\/314829\/revisions\/314832"}],"wp:featuredmedia":[{"embeddable":true,"href":"https:\/\/archive.sana.sy\/es\/index.php?rest_route=\/wp\/v2\/media\/314831"}],"wp:attachment":[{"href":"https:\/\/archive.sana.sy\/es\/index.php?rest_route=%2Fwp%2Fv2%2Fmedia&parent=314829"}],"wp:term":[{"taxonomy":"category","embeddable":true,"href":"https:\/\/archive.sana.sy\/es\/index.php?rest_route=%2Fwp%2Fv2%2Fcategories&post=314829"},{"taxonomy":"post_tag","embeddable":true,"href":"https:\/\/archive.sana.sy\/es\/index.php?rest_route=%2Fwp%2Fv2%2Ftags&post=314829"}],"curies":[{"name":"wp","href":"https:\/\/api.w.org\/{rel}","templated":true}]}}