{"id":314834,"date":"2023-11-20T17:20:15","date_gmt":"2023-11-20T14:20:15","guid":{"rendered":"https:\/\/sana.sy\/es\/?p=314834"},"modified":"2023-11-20T17:20:15","modified_gmt":"2023-11-20T14:20:15","slug":"ocupante-israeli-y-comunidad-internacional-son-responsables-del-deterioro-de-la-situacion-humanitaria-en-gaza","status":"publish","type":"post","link":"https:\/\/archive.sana.sy\/es\/?p=314834","title":{"rendered":"Ocupante israel\u00ed y comunidad internacional son responsables del deterioro de la situaci\u00f3n humanitaria en Gaza"},"content":{"rendered":"<p style=\"text-align: justify;\"><span style=\"color: #800000;\"><strong>Jerusal\u00e9n ocupada, 20 nov (SANA)\u00a0\u00a0<\/strong> <\/span>La Oficina de Prensa de Gaza confirm\u00f3 que el ocupante israel\u00ed y la comunidad internacional asumen plena responsabilidad del empeoramiento de la situaci\u00f3n humanitaria en este enclave costero.<\/p>\n<p style=\"text-align: justify;\">En un comunicado, la Oficina inst\u00f3 a los pa\u00edses del mundo y a las organizaciones internacionales que cumplan con sus responsabilidades y pongan fin al crimen que se comete contra 2,3 millones de palestinos que habitan en este territorio.<\/p>\n<p style=\"text-align: justify;\">\u201cLa situaci\u00f3n humanitaria empeora d\u00eda tras d\u00eda y se vuelve m\u00e1s catastr\u00f3fica debido a la escasez de alimentos b\u00e1sicos, mientras se interrumpi\u00f3 por completo la producci\u00f3n de pan en las panader\u00edas\u201d, indic\u00f3 la entidad.<\/p>\n<p style=\"text-align: justify;\">Por otro lado, el aumento del n\u00famero de desplazados del norte al sur de Gaza gener\u00f3 una creciente necesidad para materiales b\u00e1sicos, lo cual amenaza con la propagaci\u00f3n de la hambruna, enfermedades y epidemias, mientras las bajas temperaturas y las lluvias aumentaron la demanda a los materiales necesarios para la calefacci\u00f3n.<\/p>\n<p style=\"text-align: justify;\">\u201cLo anterior comprueba que la comunidad internacional, en particular Estados Unidos, est\u00e1 tramando un plan malicioso destinado a vaciar la Franja y desplazar a su poblaci\u00f3n hacia Egipto, y esto es rechazado por el pueblo palestino\u201d, puntualiz\u00f3.<\/p>\n<p style=\"text-align: justify;\">La Oficina responsabiliz\u00f3 a la comunidad internacional y a \u201cIsrael\u201d por el deterioro de la situaci\u00f3n humanitaria y la falta de suministros y alimentos, y exigi\u00f3 una respuesta humanitaria y la apertura de los cruces para salvar a Gaza y evitar un nuevo desastre.<\/p>\n<p style=\"text-align: justify;\">as\/fm\/sm<\/p>\n","protected":false},"excerpt":{"rendered":"<p>Jerusal\u00e9n ocupada, 20 nov (SANA)\u00a0\u00a0 La Oficina de Prensa de Gaza confirm\u00f3 que el ocupante israel\u00ed y la comunidad internacional asumen plena responsabilidad del empeoramiento de la situaci\u00f3n humanitaria en este enclave costero. En un comunicado, la Oficina inst\u00f3 a los pa\u00edses del mundo y a las organizaciones internacionales que cumplan con sus responsabilidades y &hellip;<\/p>\n","protected":false},"author":39,"featured_media":314835,"comment_status":"closed","ping_status":"closed","sticky":false,"template":"","format":"standard","meta":{"footnotes":""},"categories":[597,456,16687,20724,7541],"tags":[],"class_list":["post-314834","post","type-post","status-publish","format-standard","has-post-thumbnail","","category-cinta-de-noticias","category-arabe-internacional-politica","category-internacionales","category-minuto-a-minuto","category-ultimas-noticias"],"_links":{"self":[{"href":"https:\/\/archive.sana.sy\/es\/index.php?rest_route=\/wp\/v2\/posts\/314834"}],"collection":[{"href":"https:\/\/archive.sana.sy\/es\/index.php?rest_route=\/wp\/v2\/posts"}],"about":[{"href":"https:\/\/archive.sana.sy\/es\/index.php?rest_route=\/wp\/v2\/types\/post"}],"author":[{"embeddable":true,"href":"https:\/\/archive.sana.sy\/es\/index.php?rest_route=\/wp\/v2\/users\/39"}],"replies":[{"embeddable":true,"href":"https:\/\/archive.sana.sy\/es\/index.php?rest_route=%2Fwp%2Fv2%2Fcomments&post=314834"}],"version-history":[{"count":1,"href":"https:\/\/archive.sana.sy\/es\/index.php?rest_route=\/wp\/v2\/posts\/314834\/revisions"}],"predecessor-version":[{"id":314836,"href":"https:\/\/archive.sana.sy\/es\/index.php?rest_route=\/wp\/v2\/posts\/314834\/revisions\/314836"}],"wp:featuredmedia":[{"embeddable":true,"href":"https:\/\/archive.sana.sy\/es\/index.php?rest_route=\/wp\/v2\/media\/314835"}],"wp:attachment":[{"href":"https:\/\/archive.sana.sy\/es\/index.php?rest_route=%2Fwp%2Fv2%2Fmedia&parent=314834"}],"wp:term":[{"taxonomy":"category","embeddable":true,"href":"https:\/\/archive.sana.sy\/es\/index.php?rest_route=%2Fwp%2Fv2%2Fcategories&post=314834"},{"taxonomy":"post_tag","embeddable":true,"href":"https:\/\/archive.sana.sy\/es\/index.php?rest_route=%2Fwp%2Fv2%2Ftags&post=314834"}],"curies":[{"name":"wp","href":"https:\/\/api.w.org\/{rel}","templated":true}]}}