{"id":314837,"date":"2023-11-20T17:44:23","date_gmt":"2023-11-20T14:44:23","guid":{"rendered":"https:\/\/sana.sy\/es\/?p=314837"},"modified":"2023-11-20T17:45:10","modified_gmt":"2023-11-20T14:45:10","slug":"resistencia-libanesa-ataca-puestos-militares-israelies-en-la-frontera-en-palestina-ocupada","status":"publish","type":"post","link":"https:\/\/archive.sana.sy\/es\/?p=314837","title":{"rendered":"Resistencia libanesa ataca puestos militares israel\u00edes en la frontera con Palestina ocupada"},"content":{"rendered":"<p style=\"text-align: justify;\"><span style=\"color: #800000;\"><strong>Beirut, 20 nov (SANA)<\/strong><\/span>\u00a0 La Resistencia Nacional Libanesa atac\u00f3 varios sitios, concentraciones y veh\u00edculos israel\u00edes, provocando bajas confirmadas.<\/p>\n<p style=\"text-align: justify;\">\u201cEn apoyo de nuestro firme pueblo palestino en la Franja de Gaza, y en apoyo de su valiente resistencia, nuestros combatientes esta ma\u00f1ana atacaron el cuartel de Zibdin en las granjas libanesas ocupadas de Shebaa, caus\u00e1ndole varias bajas\u201d, anunci\u00f3 la Resistencia por medio de una declaraci\u00f3n.<\/p>\n<p style=\"text-align: justify;\">Asimismo, los resistentes libaneses atacaron a una fuerza de infanter\u00eda israel\u00ed en la colina Karantina, cerca del sitio Hadab Yaron, adem\u00e1s de atacar el puesto de Pranit (cuartel general de la 91.\u00aa Divisi\u00f3n) del ej\u00e9rcito enemigo con 4 misiles Burkan, lo que condujo a un gran incendio all\u00ed.<\/p>\n<p style=\"text-align: justify;\">En v\u00edsperas, la Resistencia Nacional Libanesa atac\u00f3 varios sitios y concentraciones de fuerzas enemigas israel\u00edes en la frontera con la Palestina ocupada, causando v\u00edctimas directas.<\/p>\n<p style=\"text-align: justify;\">sm<\/p>\n","protected":false},"excerpt":{"rendered":"<p>Beirut, 20 nov (SANA)\u00a0 La Resistencia Nacional Libanesa atac\u00f3 varios sitios, concentraciones y veh\u00edculos israel\u00edes, provocando bajas confirmadas. \u201cEn apoyo de nuestro firme pueblo palestino en la Franja de Gaza, y en apoyo de su valiente resistencia, nuestros combatientes esta ma\u00f1ana atacaron el cuartel de Zibdin en las granjas libanesas ocupadas de Shebaa, caus\u00e1ndole varias &hellip;<\/p>\n","protected":false},"author":39,"featured_media":314838,"comment_status":"closed","ping_status":"closed","sticky":false,"template":"","format":"standard","meta":{"footnotes":""},"categories":[597,456,16687,20724,7541],"tags":[],"class_list":["post-314837","post","type-post","status-publish","format-standard","has-post-thumbnail","","category-cinta-de-noticias","category-arabe-internacional-politica","category-internacionales","category-minuto-a-minuto","category-ultimas-noticias"],"_links":{"self":[{"href":"https:\/\/archive.sana.sy\/es\/index.php?rest_route=\/wp\/v2\/posts\/314837"}],"collection":[{"href":"https:\/\/archive.sana.sy\/es\/index.php?rest_route=\/wp\/v2\/posts"}],"about":[{"href":"https:\/\/archive.sana.sy\/es\/index.php?rest_route=\/wp\/v2\/types\/post"}],"author":[{"embeddable":true,"href":"https:\/\/archive.sana.sy\/es\/index.php?rest_route=\/wp\/v2\/users\/39"}],"replies":[{"embeddable":true,"href":"https:\/\/archive.sana.sy\/es\/index.php?rest_route=%2Fwp%2Fv2%2Fcomments&post=314837"}],"version-history":[{"count":2,"href":"https:\/\/archive.sana.sy\/es\/index.php?rest_route=\/wp\/v2\/posts\/314837\/revisions"}],"predecessor-version":[{"id":314840,"href":"https:\/\/archive.sana.sy\/es\/index.php?rest_route=\/wp\/v2\/posts\/314837\/revisions\/314840"}],"wp:featuredmedia":[{"embeddable":true,"href":"https:\/\/archive.sana.sy\/es\/index.php?rest_route=\/wp\/v2\/media\/314838"}],"wp:attachment":[{"href":"https:\/\/archive.sana.sy\/es\/index.php?rest_route=%2Fwp%2Fv2%2Fmedia&parent=314837"}],"wp:term":[{"taxonomy":"category","embeddable":true,"href":"https:\/\/archive.sana.sy\/es\/index.php?rest_route=%2Fwp%2Fv2%2Fcategories&post=314837"},{"taxonomy":"post_tag","embeddable":true,"href":"https:\/\/archive.sana.sy\/es\/index.php?rest_route=%2Fwp%2Fv2%2Ftags&post=314837"}],"curies":[{"name":"wp","href":"https:\/\/api.w.org\/{rel}","templated":true}]}}