{"id":314844,"date":"2023-11-20T20:01:31","date_gmt":"2023-11-20T17:01:31","guid":{"rendered":"https:\/\/sana.sy\/es\/?p=314844"},"modified":"2023-11-20T20:01:59","modified_gmt":"2023-11-20T17:01:59","slug":"unrwa-casi-dos-millones-de-palestinos-son-desplazados-debido-a-la-agresion-israeli-contra-gaza","status":"publish","type":"post","link":"https:\/\/archive.sana.sy\/es\/?p=314844","title":{"rendered":"UNRWA: Casi dos millones de palestinos son desplazados debido a la agresi\u00f3n israel\u00ed contra Gaza"},"content":{"rendered":"<p style=\"text-align: justify;\"><span style=\"color: #800000;\"><strong>Viena, 20 nov (SANA)\u00a0<\/strong><\/span> La Agencia de Obras P\u00fablicas y Socorro de las Naciones Unidas para los Refugiados de Palestina (UNRWA) anunci\u00f3 que la agresi\u00f3n israel\u00ed a la Franja de Gaza provoc\u00f3 el desplazamiento de alrededor de 1,7 millones de palestinos en toda la Franja sitiada, y que estos desplazados viven en duras condiciones dentro de refugios hacinados.<\/p>\n<p style=\"text-align: justify;\">El Organismo public\u00f3 en su sitio web que unas 884.000 personas desplazadas residen ahora en 154 instalaciones afiliadas a la UNRWA en las cinco gobernaciones de la Franja de Gaza.<\/p>\n<p style=\"text-align: justify;\">Adem\u00e1s, la Agencia advirti\u00f3 que el hacinamiento excesivo conduce a una gran propagaci\u00f3n de muchas enfermedades y provoca problemas ambientales y de salud lo que limita la capacidad de la misma para garantizar la prestaci\u00f3n de servicios, y se\u00f1al\u00f3 que estas personas desplazadas carecen de alimentos, medicinas y recursos b\u00e1sicos.<\/p>\n<p style=\"text-align: justify;\">sm<\/p>\n","protected":false},"excerpt":{"rendered":"<p>Viena, 20 nov (SANA)\u00a0 La Agencia de Obras P\u00fablicas y Socorro de las Naciones Unidas para los Refugiados de Palestina (UNRWA) anunci\u00f3 que la agresi\u00f3n israel\u00ed a la Franja de Gaza provoc\u00f3 el desplazamiento de alrededor de 1,7 millones de palestinos en toda la Franja sitiada, y que estos desplazados viven en duras condiciones dentro &hellip;<\/p>\n","protected":false},"author":39,"featured_media":314845,"comment_status":"closed","ping_status":"closed","sticky":false,"template":"","format":"standard","meta":{"footnotes":""},"categories":[597,456,16687,20724,7541],"tags":[],"class_list":["post-314844","post","type-post","status-publish","format-standard","has-post-thumbnail","","category-cinta-de-noticias","category-arabe-internacional-politica","category-internacionales","category-minuto-a-minuto","category-ultimas-noticias"],"_links":{"self":[{"href":"https:\/\/archive.sana.sy\/es\/index.php?rest_route=\/wp\/v2\/posts\/314844"}],"collection":[{"href":"https:\/\/archive.sana.sy\/es\/index.php?rest_route=\/wp\/v2\/posts"}],"about":[{"href":"https:\/\/archive.sana.sy\/es\/index.php?rest_route=\/wp\/v2\/types\/post"}],"author":[{"embeddable":true,"href":"https:\/\/archive.sana.sy\/es\/index.php?rest_route=\/wp\/v2\/users\/39"}],"replies":[{"embeddable":true,"href":"https:\/\/archive.sana.sy\/es\/index.php?rest_route=%2Fwp%2Fv2%2Fcomments&post=314844"}],"version-history":[{"count":1,"href":"https:\/\/archive.sana.sy\/es\/index.php?rest_route=\/wp\/v2\/posts\/314844\/revisions"}],"predecessor-version":[{"id":314846,"href":"https:\/\/archive.sana.sy\/es\/index.php?rest_route=\/wp\/v2\/posts\/314844\/revisions\/314846"}],"wp:featuredmedia":[{"embeddable":true,"href":"https:\/\/archive.sana.sy\/es\/index.php?rest_route=\/wp\/v2\/media\/314845"}],"wp:attachment":[{"href":"https:\/\/archive.sana.sy\/es\/index.php?rest_route=%2Fwp%2Fv2%2Fmedia&parent=314844"}],"wp:term":[{"taxonomy":"category","embeddable":true,"href":"https:\/\/archive.sana.sy\/es\/index.php?rest_route=%2Fwp%2Fv2%2Fcategories&post=314844"},{"taxonomy":"post_tag","embeddable":true,"href":"https:\/\/archive.sana.sy\/es\/index.php?rest_route=%2Fwp%2Fv2%2Ftags&post=314844"}],"curies":[{"name":"wp","href":"https:\/\/api.w.org\/{rel}","templated":true}]}}