{"id":314871,"date":"2023-11-21T12:57:13","date_gmt":"2023-11-21T09:57:13","guid":{"rendered":"https:\/\/sana.sy\/es\/?p=314871"},"modified":"2023-11-21T12:57:13","modified_gmt":"2023-11-21T09:57:13","slug":"ataque-con-dron-contra-las-fuerzas-estadounidenses-en-la-base-de-ain-al-assad-en-iraq","status":"publish","type":"post","link":"https:\/\/archive.sana.sy\/es\/?p=314871","title":{"rendered":"Ataque con dron contra las fuerzas estadounidenses en la base de Ain Al-Assad en Iraq"},"content":{"rendered":"<p style=\"text-align: justify;\"><span style=\"color: #800000;\"><strong>Bagdad, 21 nov (SANA)<\/strong><\/span> La resistencia iraqu\u00ed atac\u00f3 hoy con un dron las fuerzas de ocupaci\u00f3n estadounidenses en la base de Ain Al-Assad en la provincia iraqu\u00ed de Anbar.<\/p>\n<p style=\"text-align: justify;\">&#8220;En respuesta a los cr\u00edmenes cometidos por el ocupante israel\u00ed contra los palestinos en Gaza, nuestros combatientes bombardearon el enclave con un dron que alcanz\u00f3 su objetivo\u201d, anunci\u00f3 la Resistencia por medio de un comunicado.<\/p>\n<p style=\"text-align: justify;\">Cabe destacar que la Resistencia Iraqu\u00ed anunci\u00f3 la v\u00edspera un ataque con un dron contra la base Al-Harir al norte de Iraq.<\/p>\n<p style=\"text-align: justify;\">\nlo\/fm\/as<\/p>\n","protected":false},"excerpt":{"rendered":"<p>Bagdad, 21 nov (SANA) La resistencia iraqu\u00ed atac\u00f3 hoy con un dron las fuerzas de ocupaci\u00f3n estadounidenses en la base de Ain Al-Assad en la provincia iraqu\u00ed de Anbar. &#8220;En respuesta a los cr\u00edmenes cometidos por el ocupante israel\u00ed contra los palestinos en Gaza, nuestros combatientes bombardearon el enclave con un dron que alcanz\u00f3 su &hellip;<\/p>\n","protected":false},"author":42,"featured_media":314872,"comment_status":"closed","ping_status":"closed","sticky":false,"template":"","format":"standard","meta":{"footnotes":""},"categories":[597,456,16687,20724,7541],"tags":[],"class_list":["post-314871","post","type-post","status-publish","format-standard","has-post-thumbnail","","category-cinta-de-noticias","category-arabe-internacional-politica","category-internacionales","category-minuto-a-minuto","category-ultimas-noticias"],"_links":{"self":[{"href":"https:\/\/archive.sana.sy\/es\/index.php?rest_route=\/wp\/v2\/posts\/314871"}],"collection":[{"href":"https:\/\/archive.sana.sy\/es\/index.php?rest_route=\/wp\/v2\/posts"}],"about":[{"href":"https:\/\/archive.sana.sy\/es\/index.php?rest_route=\/wp\/v2\/types\/post"}],"author":[{"embeddable":true,"href":"https:\/\/archive.sana.sy\/es\/index.php?rest_route=\/wp\/v2\/users\/42"}],"replies":[{"embeddable":true,"href":"https:\/\/archive.sana.sy\/es\/index.php?rest_route=%2Fwp%2Fv2%2Fcomments&post=314871"}],"version-history":[{"count":1,"href":"https:\/\/archive.sana.sy\/es\/index.php?rest_route=\/wp\/v2\/posts\/314871\/revisions"}],"predecessor-version":[{"id":314873,"href":"https:\/\/archive.sana.sy\/es\/index.php?rest_route=\/wp\/v2\/posts\/314871\/revisions\/314873"}],"wp:featuredmedia":[{"embeddable":true,"href":"https:\/\/archive.sana.sy\/es\/index.php?rest_route=\/wp\/v2\/media\/314872"}],"wp:attachment":[{"href":"https:\/\/archive.sana.sy\/es\/index.php?rest_route=%2Fwp%2Fv2%2Fmedia&parent=314871"}],"wp:term":[{"taxonomy":"category","embeddable":true,"href":"https:\/\/archive.sana.sy\/es\/index.php?rest_route=%2Fwp%2Fv2%2Fcategories&post=314871"},{"taxonomy":"post_tag","embeddable":true,"href":"https:\/\/archive.sana.sy\/es\/index.php?rest_route=%2Fwp%2Fv2%2Ftags&post=314871"}],"curies":[{"name":"wp","href":"https:\/\/api.w.org\/{rel}","templated":true}]}}