{"id":314874,"date":"2023-11-21T13:04:17","date_gmt":"2023-11-21T10:04:17","guid":{"rendered":"https:\/\/sana.sy\/es\/?p=314874"},"modified":"2023-11-21T14:09:05","modified_gmt":"2023-11-21T11:09:05","slug":"la-guerra-de-exterminio-israeli-en-gaza-entra-en-su-46-dia","status":"publish","type":"post","link":"https:\/\/archive.sana.sy\/es\/?p=314874","title":{"rendered":"La guerra de exterminio israel\u00ed en Gaza entra en su 46 d\u00eda"},"content":{"rendered":"<p style=\"text-align: justify;\"><span style=\"color: #800000;\"><strong>\u00a0Jerusal\u00e9n ocupada, 21 nov ( SANA)<\/strong> <\/span>Por 46\u00ba d\u00eda consecutivo, el ej\u00e9rcito fascista de \u201cIsrael\u201d contin\u00faa su guerra genocida contra el pueblo palestino en la asediada Franja de Gaza, atacando hospitales, hogares y escuelas, y provocando la muerte de decenas de palestinos.<\/p>\n<p style=\"text-align: justify;\">Los cazas israel\u00edes bombardearon viviendas en el campamento de Nuseirat en el centro de este enclave costero, lo que caus\u00f3 la muerte de 20 palestinos y mientras otros resultaron heridos.<\/p>\n<p style=\"text-align: justify;\">Asimismo, cinco palestinos perecieron, entre ellos cuatro ni\u00f1os, a consecuencia de un bombardeo contra su casa en Khan Yunis, seg\u00fan divulgaron medios palestinos.<\/p>\n<p style=\"text-align: justify;\">Al mismo tiempo, los cazas israel\u00edes bombardearon las torres de transmisi\u00f3n y provocaron una interrupci\u00f3n total de los servicios de telecomunicaciones.<\/p>\n<p style=\"text-align: justify;\">El n\u00famero de muertos palestinos por la agresi\u00f3n israel\u00ed que comenz\u00f3 contra la Franja de Gaza el 7 de octubre ascendi\u00f3 a m\u00e1s de 13.300, entre ellos m\u00e1s de 5.600 ni\u00f1os y 3.550 mujeres, adem\u00e1s de al menos 31.000 heridos, la mayor\u00eda de los cuales son ni\u00f1os y mujeres.<\/p>\n<p style=\"text-align: justify;\">ed\/fm<\/p>\n<p style=\"text-align: justify;\">\n","protected":false},"excerpt":{"rendered":"<p>\u00a0Jerusal\u00e9n ocupada, 21 nov ( SANA) Por 46\u00ba d\u00eda consecutivo, el ej\u00e9rcito fascista de \u201cIsrael\u201d contin\u00faa su guerra genocida contra el pueblo palestino en la asediada Franja de Gaza, atacando hospitales, hogares y escuelas, y provocando la muerte de decenas de palestinos. Los cazas israel\u00edes bombardearon viviendas en el campamento de Nuseirat en el centro &hellip;<\/p>\n","protected":false},"author":32,"featured_media":314884,"comment_status":"closed","ping_status":"closed","sticky":false,"template":"","format":"standard","meta":{"footnotes":""},"categories":[597,456,20724,583],"tags":[],"class_list":["post-314874","post","type-post","status-publish","format-standard","has-post-thumbnail","","category-cinta-de-noticias","category-arabe-internacional-politica","category-minuto-a-minuto","category-slide"],"_links":{"self":[{"href":"https:\/\/archive.sana.sy\/es\/index.php?rest_route=\/wp\/v2\/posts\/314874"}],"collection":[{"href":"https:\/\/archive.sana.sy\/es\/index.php?rest_route=\/wp\/v2\/posts"}],"about":[{"href":"https:\/\/archive.sana.sy\/es\/index.php?rest_route=\/wp\/v2\/types\/post"}],"author":[{"embeddable":true,"href":"https:\/\/archive.sana.sy\/es\/index.php?rest_route=\/wp\/v2\/users\/32"}],"replies":[{"embeddable":true,"href":"https:\/\/archive.sana.sy\/es\/index.php?rest_route=%2Fwp%2Fv2%2Fcomments&post=314874"}],"version-history":[{"count":1,"href":"https:\/\/archive.sana.sy\/es\/index.php?rest_route=\/wp\/v2\/posts\/314874\/revisions"}],"predecessor-version":[{"id":314876,"href":"https:\/\/archive.sana.sy\/es\/index.php?rest_route=\/wp\/v2\/posts\/314874\/revisions\/314876"}],"wp:featuredmedia":[{"embeddable":true,"href":"https:\/\/archive.sana.sy\/es\/index.php?rest_route=\/wp\/v2\/media\/314884"}],"wp:attachment":[{"href":"https:\/\/archive.sana.sy\/es\/index.php?rest_route=%2Fwp%2Fv2%2Fmedia&parent=314874"}],"wp:term":[{"taxonomy":"category","embeddable":true,"href":"https:\/\/archive.sana.sy\/es\/index.php?rest_route=%2Fwp%2Fv2%2Fcategories&post=314874"},{"taxonomy":"post_tag","embeddable":true,"href":"https:\/\/archive.sana.sy\/es\/index.php?rest_route=%2Fwp%2Fv2%2Ftags&post=314874"}],"curies":[{"name":"wp","href":"https:\/\/api.w.org\/{rel}","templated":true}]}}