{"id":314891,"date":"2023-11-21T12:41:21","date_gmt":"2023-11-21T09:41:21","guid":{"rendered":"https:\/\/sana.sy\/es\/?p=314891"},"modified":"2023-11-21T19:46:08","modified_gmt":"2023-11-21T16:46:08","slug":"ataque-israeli-acaban-con-la-vida-de-dos-periodistas-de-la-televisora-al-mayadeen","status":"publish","type":"post","link":"https:\/\/archive.sana.sy\/es\/?p=314891","title":{"rendered":"Ataque israel\u00ed acaba con la vida de dos periodistas de la televisora Al Mayadeen"},"content":{"rendered":"<p style=\"text-align: justify\"><span style=\"color: #800000\"><strong>Beirut, 21 nov (SANA)<\/strong> <\/span>La corresponsal Farah Omar y el fot\u00f3grafo Rabie Al-Maamari, ambos del canal Al-Mayadeen, murieron hoy en un bombardeo israel\u00ed deliberado y directo en la localidad de Tair Harfa, al sur del L\u00edbano.<\/p>\n<p style=\"text-align: justify\">El medio expres\u00f3 luto por la muerte de los dos comunicadores.<\/p>\n<p style=\"text-align: justify\">Farah Omar compareci\u00f3 en vivo en su medio aproximadamente una hora antes y ofreci\u00f3 detalles sobre los \u00faltimos acontecimientos en el sur del L\u00edbano.<\/p>\n<p style=\"text-align: justify\">El presidente del Consejo de Direcci\u00f3n de la canal pan\u00e1rabe, Ghassan Ben Juddou conden\u00f3 el cruel asesinato y asegur\u00f3 que el ocupante apunt\u00f3 al equipo de prensa del canal pan\u00e1rabe de manera directa, intencional y definitiva.<\/p>\n<p style=\"text-align: justify\">&#8220;No podr\u00e1n silenciar las voces y por mucho que maten o intenten; continuaremos nuestra cobertura y nuestro honorable trabajo period\u00edstico, cuya prioridad es cubrir los cr\u00edmenes de la ocupaci\u00f3n en Gaza, Cisjordania, Palestina y el L\u00edbano&#8221;, resalt\u00f3 el alto directivo.<\/p>\n<p style=\"text-align: justify\">En la Franja de Gaza, se confirm\u00f3 el asesinato por parte de Israel de caso 60 periodistas, en un intento de silenciar la verdad sobre el genocidio sionista.<\/p>\n<p style=\"text-align: justify\">fm\/ed<\/p>\n","protected":false},"excerpt":{"rendered":"<p>Beirut, 21 nov (SANA) La corresponsal Farah Omar y el fot\u00f3grafo Rabie Al-Maamari, ambos del canal Al-Mayadeen, murieron hoy en un bombardeo israel\u00ed deliberado y directo en la localidad de Tair Harfa, al sur del L\u00edbano. El medio expres\u00f3 luto por la muerte de los dos comunicadores. Farah Omar compareci\u00f3 en vivo en su medio &hellip;<\/p>\n","protected":false},"author":32,"featured_media":314925,"comment_status":"closed","ping_status":"closed","sticky":false,"template":"","format":"standard","meta":{"footnotes":""},"categories":[597,456,20724,583],"tags":[],"class_list":["post-314891","post","type-post","status-publish","format-standard","has-post-thumbnail","","category-cinta-de-noticias","category-arabe-internacional-politica","category-minuto-a-minuto","category-slide"],"_links":{"self":[{"href":"https:\/\/archive.sana.sy\/es\/index.php?rest_route=\/wp\/v2\/posts\/314891"}],"collection":[{"href":"https:\/\/archive.sana.sy\/es\/index.php?rest_route=\/wp\/v2\/posts"}],"about":[{"href":"https:\/\/archive.sana.sy\/es\/index.php?rest_route=\/wp\/v2\/types\/post"}],"author":[{"embeddable":true,"href":"https:\/\/archive.sana.sy\/es\/index.php?rest_route=\/wp\/v2\/users\/32"}],"replies":[{"embeddable":true,"href":"https:\/\/archive.sana.sy\/es\/index.php?rest_route=%2Fwp%2Fv2%2Fcomments&post=314891"}],"version-history":[{"count":3,"href":"https:\/\/archive.sana.sy\/es\/index.php?rest_route=\/wp\/v2\/posts\/314891\/revisions"}],"predecessor-version":[{"id":314924,"href":"https:\/\/archive.sana.sy\/es\/index.php?rest_route=\/wp\/v2\/posts\/314891\/revisions\/314924"}],"wp:featuredmedia":[{"embeddable":true,"href":"https:\/\/archive.sana.sy\/es\/index.php?rest_route=\/wp\/v2\/media\/314925"}],"wp:attachment":[{"href":"https:\/\/archive.sana.sy\/es\/index.php?rest_route=%2Fwp%2Fv2%2Fmedia&parent=314891"}],"wp:term":[{"taxonomy":"category","embeddable":true,"href":"https:\/\/archive.sana.sy\/es\/index.php?rest_route=%2Fwp%2Fv2%2Fcategories&post=314891"},{"taxonomy":"post_tag","embeddable":true,"href":"https:\/\/archive.sana.sy\/es\/index.php?rest_route=%2Fwp%2Fv2%2Ftags&post=314891"}],"curies":[{"name":"wp","href":"https:\/\/api.w.org\/{rel}","templated":true}]}}