{"id":314911,"date":"2023-11-21T16:00:21","date_gmt":"2023-11-21T13:00:21","guid":{"rendered":"https:\/\/sana.sy\/es\/?p=314911"},"modified":"2023-11-21T18:11:30","modified_gmt":"2023-11-21T15:11:30","slug":"fuerzas-israelies-irrumpen-en-casa-de-luchador-al-maqt-en-el-golan-sirio-ocupado","status":"publish","type":"post","link":"https:\/\/archive.sana.sy\/es\/?p=314911","title":{"rendered":"Fuerzas israel\u00edes irrumpen en casa del luchador Al-Maqt en el Gol\u00e1n sirio ocupado"},"content":{"rendered":"<p><span style=\"color: #800000\"><strong>Gol\u00e1n sirio ocupado, 21 nov (SANA)<\/strong> <\/span>Las fuerzas ocupantes de \u201cIsrael\u201d irrumpieron este martes en la casa del decano de los prisioneros sirios liberados, Sedqi al-Maqt, en la ocupada ciudad de Majdal Shams, y lo arrestaron por unas horas.<\/p>\n<p>Seg\u00fan el corresponsal de SANA, las fuerzas israel\u00edes allanaron la casa de Al-Maqt, le despojaron dinero, joyas de oro, propiedades y un autom\u00f3vil, a continuaci\u00f3n lo detuvieron durante varias horas antes de liberarlo.<\/p>\n<p>El 12 del mes pasado, las autoridades israel\u00edes arrestaron a Al-Maqt durante 24 horas y luego lo pusieron en libertad.<\/p>\n","protected":false},"excerpt":{"rendered":"<p>Gol\u00e1n sirio ocupado, 21 nov (SANA) Las fuerzas ocupantes de \u201cIsrael\u201d irrumpieron este martes en la casa del decano de los prisioneros sirios liberados, Sedqi al-Maqt, en la ocupada ciudad de Majdal Shams, y lo arrestaron por unas horas. Seg\u00fan el corresponsal de SANA, las fuerzas israel\u00edes allanaron la casa de Al-Maqt, le despojaron dinero, &hellip;<\/p>\n","protected":false},"author":24,"featured_media":314912,"comment_status":"closed","ping_status":"closed","sticky":false,"template":"","format":"standard","meta":{"footnotes":""},"categories":[447,597,20724,476,448,7541],"tags":[22444,19615],"class_list":["post-314911","post","type-post","status-publish","format-standard","has-post-thumbnail","","category-local-politica","category-cinta-de-noticias","category-minuto-a-minuto","category-locales","category-noticias","category-ultimas-noticias","tag-al-maqt","tag-golan-sirio-ocupado"],"_links":{"self":[{"href":"https:\/\/archive.sana.sy\/es\/index.php?rest_route=\/wp\/v2\/posts\/314911"}],"collection":[{"href":"https:\/\/archive.sana.sy\/es\/index.php?rest_route=\/wp\/v2\/posts"}],"about":[{"href":"https:\/\/archive.sana.sy\/es\/index.php?rest_route=\/wp\/v2\/types\/post"}],"author":[{"embeddable":true,"href":"https:\/\/archive.sana.sy\/es\/index.php?rest_route=\/wp\/v2\/users\/24"}],"replies":[{"embeddable":true,"href":"https:\/\/archive.sana.sy\/es\/index.php?rest_route=%2Fwp%2Fv2%2Fcomments&post=314911"}],"version-history":[{"count":2,"href":"https:\/\/archive.sana.sy\/es\/index.php?rest_route=\/wp\/v2\/posts\/314911\/revisions"}],"predecessor-version":[{"id":314914,"href":"https:\/\/archive.sana.sy\/es\/index.php?rest_route=\/wp\/v2\/posts\/314911\/revisions\/314914"}],"wp:featuredmedia":[{"embeddable":true,"href":"https:\/\/archive.sana.sy\/es\/index.php?rest_route=\/wp\/v2\/media\/314912"}],"wp:attachment":[{"href":"https:\/\/archive.sana.sy\/es\/index.php?rest_route=%2Fwp%2Fv2%2Fmedia&parent=314911"}],"wp:term":[{"taxonomy":"category","embeddable":true,"href":"https:\/\/archive.sana.sy\/es\/index.php?rest_route=%2Fwp%2Fv2%2Fcategories&post=314911"},{"taxonomy":"post_tag","embeddable":true,"href":"https:\/\/archive.sana.sy\/es\/index.php?rest_route=%2Fwp%2Fv2%2Ftags&post=314911"}],"curies":[{"name":"wp","href":"https:\/\/api.w.org\/{rel}","templated":true}]}}