{"id":315022,"date":"2023-11-22T20:42:07","date_gmt":"2023-11-22T17:42:07","guid":{"rendered":"https:\/\/sana.sy\/es\/?p=315022"},"modified":"2023-11-22T20:42:07","modified_gmt":"2023-11-22T17:42:07","slug":"siria-denuncia-nueva-agresion-israeli-y-reitera-su-derecho-inalienable-a-defender-su-soberania","status":"publish","type":"post","link":"https:\/\/archive.sana.sy\/es\/?p=315022","title":{"rendered":"Siria denuncia nueva agresi\u00f3n israel\u00ed y reitera su derecho inalienable a defender su soberan\u00eda"},"content":{"rendered":"<p style=\"text-align: justify\"><span style=\"color: #800000\"><strong>Damasco, 22 nov (SANA)<\/strong><\/span> Siria advirti\u00f3 hoy de la continuaci\u00f3n de las agresiones y cr\u00edmenes israel\u00edes en la regi\u00f3n y reiter\u00f3 su derecho inalienable a defender su soberan\u00eda e independencia por todos los medios avalados por el derecho internacional.<\/p>\n<p style=\"text-align: justify\">En un comunicado, el Ministerio de Asuntos Exteriores y Expatriados denunci\u00f3 que \u201cIsrael\u201d cometi\u00f3 aproximadamente a las 15:30 de esta tarde una agresi\u00f3n con dos misiles contra algunos puntos en las proximidades de la capital de Damasco.<\/p>\n<p style=\"text-align: justify\">Destac\u00f3 que Siria asevera que la continuaci\u00f3n de este enfoque agresivo por parte de &#8220;Israel&#8221; en el resultado de la vergonzosa vista gorda que hace la comunidad internacional ante las salvajadas cometidas por esta entidad ocupante, incluida su brutal agresi\u00f3n que lleva lanzando desde hace 47 d\u00edas contra el pueblo palestino en Gaza que la ha convertido en un cementerio de ni\u00f1os.<\/p>\n<p style=\"text-align: justify\">Canciller\u00eda destac\u00f3 que tales actos criminales constituyen una amenaza para la seguridad y la estabilidad de la regi\u00f3n, y exigi\u00f3 que \u201cIsrael\u201d rinda cuentas por sus atrocidades.<\/p>\n<p style=\"text-align: justify\">Concluy\u00f3 con reiterar el pleno derecho de Siria a defender su soberan\u00eda e independencia por todos los medios garantizados por la ley internacional.<\/p>\n<p style=\"text-align: justify\">\nla<\/p>\n","protected":false},"excerpt":{"rendered":"<p>Damasco, 22 nov (SANA) Siria advirti\u00f3 hoy de la continuaci\u00f3n de las agresiones y cr\u00edmenes israel\u00edes en la regi\u00f3n y reiter\u00f3 su derecho inalienable a defender su soberan\u00eda e independencia por todos los medios avalados por el derecho internacional. En un comunicado, el Ministerio de Asuntos Exteriores y Expatriados denunci\u00f3 que \u201cIsrael\u201d cometi\u00f3 aproximadamente a &hellip;<\/p>\n","protected":false},"author":24,"featured_media":315023,"comment_status":"closed","ping_status":"closed","sticky":false,"template":"","format":"standard","meta":{"footnotes":""},"categories":[447,597,20724,476,448,583],"tags":[],"class_list":["post-315022","post","type-post","status-publish","format-standard","has-post-thumbnail","","category-local-politica","category-cinta-de-noticias","category-minuto-a-minuto","category-locales","category-noticias","category-slide"],"_links":{"self":[{"href":"https:\/\/archive.sana.sy\/es\/index.php?rest_route=\/wp\/v2\/posts\/315022"}],"collection":[{"href":"https:\/\/archive.sana.sy\/es\/index.php?rest_route=\/wp\/v2\/posts"}],"about":[{"href":"https:\/\/archive.sana.sy\/es\/index.php?rest_route=\/wp\/v2\/types\/post"}],"author":[{"embeddable":true,"href":"https:\/\/archive.sana.sy\/es\/index.php?rest_route=\/wp\/v2\/users\/24"}],"replies":[{"embeddable":true,"href":"https:\/\/archive.sana.sy\/es\/index.php?rest_route=%2Fwp%2Fv2%2Fcomments&post=315022"}],"version-history":[{"count":1,"href":"https:\/\/archive.sana.sy\/es\/index.php?rest_route=\/wp\/v2\/posts\/315022\/revisions"}],"predecessor-version":[{"id":315024,"href":"https:\/\/archive.sana.sy\/es\/index.php?rest_route=\/wp\/v2\/posts\/315022\/revisions\/315024"}],"wp:featuredmedia":[{"embeddable":true,"href":"https:\/\/archive.sana.sy\/es\/index.php?rest_route=\/wp\/v2\/media\/315023"}],"wp:attachment":[{"href":"https:\/\/archive.sana.sy\/es\/index.php?rest_route=%2Fwp%2Fv2%2Fmedia&parent=315022"}],"wp:term":[{"taxonomy":"category","embeddable":true,"href":"https:\/\/archive.sana.sy\/es\/index.php?rest_route=%2Fwp%2Fv2%2Fcategories&post=315022"},{"taxonomy":"post_tag","embeddable":true,"href":"https:\/\/archive.sana.sy\/es\/index.php?rest_route=%2Fwp%2Fv2%2Ftags&post=315022"}],"curies":[{"name":"wp","href":"https:\/\/api.w.org\/{rel}","templated":true}]}}