{"id":31504,"date":"2015-10-13T19:23:48","date_gmt":"2015-10-13T16:23:48","guid":{"rendered":"http:\/\/sana.sy\/es\/?p=31504"},"modified":"2015-10-13T19:29:31","modified_gmt":"2015-10-13T16:29:31","slug":"lavrov-denuncia-ataque-terrorista-con-proyectiles-de-mortero-contra-embajada-rusa-en-damasco","status":"publish","type":"post","link":"https:\/\/archive.sana.sy\/es\/?p=31504","title":{"rendered":"Lavrov a  Mistura: la operaci\u00f3n militar rusa en Siria no significa abandonar el proceso pol\u00edtico"},"content":{"rendered":"<p style=\"text-align: justify\"><span style=\"color: #800000\">Mosc\u00fa, SANA-\u00a0<\/span>El ministro de Relaciones Exteriores ruso, Sergei Lavrov, reiter\u00f3 que las operaciones militares rusas en Siria no significan en absoluto dejar aparte el proceso pol\u00edtico.<\/p>\n<p style=\"text-align: justify\">Lavrov en sus conversaciones mantenidas con el Enviado Especial de la ONU para Siria Staffan de Mistura, dijo: &#8220;Por el contrario, registramos un aumento de la necesidad de apoyar nuestra iniciativa pol\u00edtica &#8220;, dijo Lavrov.<\/p>\n<p style=\"text-align: justify\">Lavrov agreg\u00f3 que Rusia est\u00e1 en espera de saber hasta d\u00f3nde han llegado los avances de los esfuerzos del enviado de la ONU en respecto a la soluci\u00f3n pol\u00edtica a la crisis en Siria, en lo que Rusia podr\u00eda ofrecer su ayuda.<\/p>\n<p style=\"text-align: justify\"><span style=\"color: #0000ff\">Lavrov denuncia ataque terrorista con proyectiles de mortero contra embajada rusa en Damasco<\/span><\/p>\n<p style=\"text-align: justify\">Lavrov expres\u00f3 su &#8220;profunda preocupaci\u00f3n&#8221; por los intentos de algunas partes para detener la formaci\u00f3n de un amplio frente contra el terrorismo.<\/p>\n<p style=\"text-align: justify\">El ministro de Exteriores de Rusia, Serguie Lavrov, denunci\u00f3 el ataque terrorista con proyectiles de mortero contra la embajada rusa en la capital Damasco.<\/p>\n<p style=\"text-align: justify\">Lavrov dijo que dicho ataque es un acto cobarde y terrorista, y apunta a atemorizar a los partidarios de la lucha contra el terrorismo.<\/p>\n<p style=\"text-align: justify\">El canciller ruso estim\u00f3 que las armas que env\u00eda EE.UU. a la llamada &#8216;oposici\u00f3n siria moderada&#8217; terminar\u00e1n en manos de los terroristas del Estado Isl\u00e1mico.<\/p>\n<p><span style=\"color: #003300\">Fady M., Hala B., M.Miri<\/span><\/p>\n","protected":false},"excerpt":{"rendered":"<p>Mosc\u00fa, SANA-\u00a0El ministro de Relaciones Exteriores ruso, Sergei Lavrov, reiter\u00f3 que las operaciones militares rusas en Siria no significan en absoluto dejar aparte el proceso pol\u00edtico. Lavrov en sus conversaciones mantenidas con el Enviado Especial de la ONU para Siria Staffan de Mistura, dijo: &#8220;Por el contrario, registramos un aumento de la necesidad de apoyar &hellip;<\/p>\n","protected":false},"author":1,"featured_media":31510,"comment_status":"closed","ping_status":"closed","sticky":false,"template":"","format":"standard","meta":{"footnotes":""},"categories":[456,457,576],"tags":[7018,7012],"class_list":["post-31504","post","type-post","status-publish","format-standard","has-post-thumbnail","","category-arabe-internacional-politica","category-noticias-arabe-internacional-politica","category-noticias-politicas","tag-lavrov-a-mistura-la-operacion-militar-rusa-en-siria-no-significa-abandonar-el-proceso-politico","tag-lavrov-denuncia-ataque-terrorista-con-proyectiles-de-mortero-contra-embajada-rusa-en-damasco"],"_links":{"self":[{"href":"https:\/\/archive.sana.sy\/es\/index.php?rest_route=\/wp\/v2\/posts\/31504"}],"collection":[{"href":"https:\/\/archive.sana.sy\/es\/index.php?rest_route=\/wp\/v2\/posts"}],"about":[{"href":"https:\/\/archive.sana.sy\/es\/index.php?rest_route=\/wp\/v2\/types\/post"}],"author":[{"embeddable":true,"href":"https:\/\/archive.sana.sy\/es\/index.php?rest_route=\/wp\/v2\/users\/1"}],"replies":[{"embeddable":true,"href":"https:\/\/archive.sana.sy\/es\/index.php?rest_route=%2Fwp%2Fv2%2Fcomments&post=31504"}],"version-history":[{"count":0,"href":"https:\/\/archive.sana.sy\/es\/index.php?rest_route=\/wp\/v2\/posts\/31504\/revisions"}],"wp:featuredmedia":[{"embeddable":true,"href":"https:\/\/archive.sana.sy\/es\/index.php?rest_route=\/wp\/v2\/media\/31510"}],"wp:attachment":[{"href":"https:\/\/archive.sana.sy\/es\/index.php?rest_route=%2Fwp%2Fv2%2Fmedia&parent=31504"}],"wp:term":[{"taxonomy":"category","embeddable":true,"href":"https:\/\/archive.sana.sy\/es\/index.php?rest_route=%2Fwp%2Fv2%2Fcategories&post=31504"},{"taxonomy":"post_tag","embeddable":true,"href":"https:\/\/archive.sana.sy\/es\/index.php?rest_route=%2Fwp%2Fv2%2Ftags&post=31504"}],"curies":[{"name":"wp","href":"https:\/\/api.w.org\/{rel}","templated":true}]}}