{"id":315067,"date":"2023-11-23T11:06:35","date_gmt":"2023-11-23T08:06:35","guid":{"rendered":"https:\/\/sana.sy\/es\/?p=315067"},"modified":"2023-11-23T11:06:35","modified_gmt":"2023-11-23T08:06:35","slug":"la-resistencia-iraqui-ataca-base-de-ocupacion-estadounidense-en-el-aeropuerto-de-erbil","status":"publish","type":"post","link":"https:\/\/archive.sana.sy\/es\/?p=315067","title":{"rendered":"La resistencia iraqu\u00ed ataca base de ocupaci\u00f3n estadounidense en el aeropuerto de Erbil"},"content":{"rendered":"<p style=\"text-align: justify;\"><span style=\"color: #800000;\"><strong>Bagdad, 23 nov (SANA)<\/strong><\/span> La resistencia iraqu\u00ed atac\u00f3 las fuerzas de ocupaci\u00f3n estadounidenses desplegadas en una base en el aeropuerto de Erbil, en el norte de Irak.<\/p>\n<p style=\"text-align: justify;\">En respuesta a los cr\u00edmenes cometidos por el enemigo israel\u00ed contra los palestinos en Gaza, nuestros combatientes atacaro la base con un dron, indic\u00f3 la resistencia en una declaraci\u00f3n.<\/p>\n<p style=\"text-align: justify;\">La v\u00edspera, la resistencia iraqu\u00ed atac\u00f3 con dos drones las fuerzas estadounidenses en la base Al-Harir en el norte de Irak.<\/p>\n<p style=\"text-align: justify;\">fm\/ed<\/p>\n","protected":false},"excerpt":{"rendered":"<p>Bagdad, 23 nov (SANA) La resistencia iraqu\u00ed atac\u00f3 las fuerzas de ocupaci\u00f3n estadounidenses desplegadas en una base en el aeropuerto de Erbil, en el norte de Irak. En respuesta a los cr\u00edmenes cometidos por el enemigo israel\u00ed contra los palestinos en Gaza, nuestros combatientes atacaro la base con un dron, indic\u00f3 la resistencia en una &hellip;<\/p>\n","protected":false},"author":32,"featured_media":315068,"comment_status":"closed","ping_status":"closed","sticky":false,"template":"","format":"standard","meta":{"footnotes":""},"categories":[456,20724,7541],"tags":[],"class_list":["post-315067","post","type-post","status-publish","format-standard","has-post-thumbnail","","category-arabe-internacional-politica","category-minuto-a-minuto","category-ultimas-noticias"],"_links":{"self":[{"href":"https:\/\/archive.sana.sy\/es\/index.php?rest_route=\/wp\/v2\/posts\/315067"}],"collection":[{"href":"https:\/\/archive.sana.sy\/es\/index.php?rest_route=\/wp\/v2\/posts"}],"about":[{"href":"https:\/\/archive.sana.sy\/es\/index.php?rest_route=\/wp\/v2\/types\/post"}],"author":[{"embeddable":true,"href":"https:\/\/archive.sana.sy\/es\/index.php?rest_route=\/wp\/v2\/users\/32"}],"replies":[{"embeddable":true,"href":"https:\/\/archive.sana.sy\/es\/index.php?rest_route=%2Fwp%2Fv2%2Fcomments&post=315067"}],"version-history":[{"count":1,"href":"https:\/\/archive.sana.sy\/es\/index.php?rest_route=\/wp\/v2\/posts\/315067\/revisions"}],"predecessor-version":[{"id":315069,"href":"https:\/\/archive.sana.sy\/es\/index.php?rest_route=\/wp\/v2\/posts\/315067\/revisions\/315069"}],"wp:featuredmedia":[{"embeddable":true,"href":"https:\/\/archive.sana.sy\/es\/index.php?rest_route=\/wp\/v2\/media\/315068"}],"wp:attachment":[{"href":"https:\/\/archive.sana.sy\/es\/index.php?rest_route=%2Fwp%2Fv2%2Fmedia&parent=315067"}],"wp:term":[{"taxonomy":"category","embeddable":true,"href":"https:\/\/archive.sana.sy\/es\/index.php?rest_route=%2Fwp%2Fv2%2Fcategories&post=315067"},{"taxonomy":"post_tag","embeddable":true,"href":"https:\/\/archive.sana.sy\/es\/index.php?rest_route=%2Fwp%2Fv2%2Ftags&post=315067"}],"curies":[{"name":"wp","href":"https:\/\/api.w.org\/{rel}","templated":true}]}}