{"id":315070,"date":"2023-11-23T11:42:53","date_gmt":"2023-11-23T08:42:53","guid":{"rendered":"https:\/\/sana.sy\/es\/?p=315070"},"modified":"2023-11-23T11:43:52","modified_gmt":"2023-11-23T08:43:52","slug":"cada-30-minutos-israel-asesina-a-una-madre-palestina-afirma-la-onu","status":"publish","type":"post","link":"https:\/\/archive.sana.sy\/es\/?p=315070","title":{"rendered":"Cada 30 minutos &#8220;Israel&#8221; asesina a una madre palestina, afirma la ONU"},"content":{"rendered":"<p style=\"text-align: justify;\"><span style=\"color: #800000;\"><strong>Jerusal\u00e9n ocupada, 23 nov (SANA)\u00a0<\/strong><\/span> \u00a0La secretaria general adjunta de las Naciones Unidas y directora ejecutiva de la ONU para Asuntos de la Mujer, Sima Bahouth, confirm\u00f3 que cada hora dos mujeres palestinas son asesinadas en la Franja de Gaza.<\/p>\n<p style=\"text-align: justify;\">Bahouth explic\u00f3 en un discurso durante una sesi\u00f3n del Consejo de Seguridad de la ONU que el 67 por ciento de las v\u00edctimas de la actual agresi\u00f3n israel\u00ed en la Franja de Gaza desde el 7 de octubre pasado son mujeres y ni\u00f1os.<\/p>\n<p style=\"text-align: justify;\">Alrededor de 800.000 mujeres han sido desplazadas de sus hogares en la Franja de Gaza, revel\u00f3.<\/p>\n<p style=\"text-align: justify;\">La funcionaria de la ONU agreg\u00f3 que que &#8220;las mujeres en Gaza rezan por la paz, pero si no hay paz, rezan por una muerte r\u00e1pida mientras sus hijos duermen en sus brazos&#8221;.<\/p>\n<p style=\"text-align: justify;\">El n\u00famero de muertos en la agresi\u00f3n aument\u00f3 a 14.532, incluidos m\u00e1s de 6.000 ni\u00f1os y 4.000 mujeres.<\/p>\n<p style=\"text-align: justify;\">fm\/ed<\/p>\n","protected":false},"excerpt":{"rendered":"<p>Jerusal\u00e9n ocupada, 23 nov (SANA)\u00a0 \u00a0La secretaria general adjunta de las Naciones Unidas y directora ejecutiva de la ONU para Asuntos de la Mujer, Sima Bahouth, confirm\u00f3 que cada hora dos mujeres palestinas son asesinadas en la Franja de Gaza. Bahouth explic\u00f3 en un discurso durante una sesi\u00f3n del Consejo de Seguridad de la ONU &hellip;<\/p>\n","protected":false},"author":32,"featured_media":315073,"comment_status":"closed","ping_status":"closed","sticky":false,"template":"","format":"standard","meta":{"footnotes":""},"categories":[597,456,20724,583,7541],"tags":[],"class_list":["post-315070","post","type-post","status-publish","format-standard","has-post-thumbnail","","category-cinta-de-noticias","category-arabe-internacional-politica","category-minuto-a-minuto","category-slide","category-ultimas-noticias"],"_links":{"self":[{"href":"https:\/\/archive.sana.sy\/es\/index.php?rest_route=\/wp\/v2\/posts\/315070"}],"collection":[{"href":"https:\/\/archive.sana.sy\/es\/index.php?rest_route=\/wp\/v2\/posts"}],"about":[{"href":"https:\/\/archive.sana.sy\/es\/index.php?rest_route=\/wp\/v2\/types\/post"}],"author":[{"embeddable":true,"href":"https:\/\/archive.sana.sy\/es\/index.php?rest_route=\/wp\/v2\/users\/32"}],"replies":[{"embeddable":true,"href":"https:\/\/archive.sana.sy\/es\/index.php?rest_route=%2Fwp%2Fv2%2Fcomments&post=315070"}],"version-history":[{"count":1,"href":"https:\/\/archive.sana.sy\/es\/index.php?rest_route=\/wp\/v2\/posts\/315070\/revisions"}],"predecessor-version":[{"id":315072,"href":"https:\/\/archive.sana.sy\/es\/index.php?rest_route=\/wp\/v2\/posts\/315070\/revisions\/315072"}],"wp:featuredmedia":[{"embeddable":true,"href":"https:\/\/archive.sana.sy\/es\/index.php?rest_route=\/wp\/v2\/media\/315073"}],"wp:attachment":[{"href":"https:\/\/archive.sana.sy\/es\/index.php?rest_route=%2Fwp%2Fv2%2Fmedia&parent=315070"}],"wp:term":[{"taxonomy":"category","embeddable":true,"href":"https:\/\/archive.sana.sy\/es\/index.php?rest_route=%2Fwp%2Fv2%2Fcategories&post=315070"},{"taxonomy":"post_tag","embeddable":true,"href":"https:\/\/archive.sana.sy\/es\/index.php?rest_route=%2Fwp%2Fv2%2Ftags&post=315070"}],"curies":[{"name":"wp","href":"https:\/\/api.w.org\/{rel}","templated":true}]}}