{"id":315133,"date":"2023-11-24T09:21:08","date_gmt":"2023-11-24T06:21:08","guid":{"rendered":"https:\/\/sana.sy\/es\/?p=315133"},"modified":"2023-11-24T09:21:08","modified_gmt":"2023-11-24T06:21:08","slug":"marcha-masiva-en-cuba-en-apoyo-a-palestina","status":"publish","type":"post","link":"https:\/\/archive.sana.sy\/es\/?p=315133","title":{"rendered":"Marcha masiva en Cuba en apoyo a Palestina"},"content":{"rendered":"<blockquote>\n<p style=\"text-align: justify;\"><span style=\"color: #ff6600;\"><strong>Estudiantes palestinos de Medicina, j\u00f3venes, ni\u00f1os y trabajadores habaneros, en representaci\u00f3n del pueblo cubano, protagonizaron la movilizaci\u00f3n, que inici\u00f3 en el Malec\u00f3n habanero desde las inmediaciones de la Avenida de los Presidentes hasta la Piragua, pr\u00f3xima al emblem\u00e1tico Hotel Nacional.<\/strong><\/span><\/p>\n<\/blockquote>\n<p style=\"text-align: justify;\"><span style=\"color: #800000;\"><strong>La Habana, 23 nov (SANA)<\/strong><\/span> Miles de cubanos exigieron el cese de la agresi\u00f3n israel\u00ed contra Gaza en una movilizaci\u00f3n encabezada por el presidente de esta naci\u00f3n caribe\u00f1a Miguel D\u00edaz-Canel.<\/p>\n<p style=\"text-align: justify;\">En la marcha en solidaridad con Palestina, convocada por la Uni\u00f3n de J\u00f3venes Comunistas (UJC) de Cuba, particip\u00f3 tambi\u00e9n el primer ministro Manuel Marrero y otras autoridades de organizaciones pol\u00edticas y juveniles del pa\u00eds.<\/p>\n<p style=\"text-align: justify;\">Estudiantes palestinos de Medicina, j\u00f3venes, ni\u00f1os y trabajadores habaneros, en representaci\u00f3n del pueblo cubano, protagonizaron la movilizaci\u00f3n, que inici\u00f3 en el Malec\u00f3n habanero desde las inmediaciones de la Avenida de los Presidentes hasta la Piragua, pr\u00f3xima al emblem\u00e1tico Hotel Nacional.<\/p>\n<p style=\"text-align: justify;\">Mediante actos pol\u00edticos, m\u00edtines e incluso el arte, el pueblo de la isla, sus organizaciones pol\u00edticas y de la sociedad civil, y los cubanos todos, han apoyado el derecho de Palestina a la libre determinaci\u00f3n.<\/p>\n<p style=\"text-align: justify;\"><em><strong>fm\/ah<\/strong><\/em><\/p>\n","protected":false},"excerpt":{"rendered":"<p>Estudiantes palestinos de Medicina, j\u00f3venes, ni\u00f1os y trabajadores habaneros, en representaci\u00f3n del pueblo cubano, protagonizaron la movilizaci\u00f3n, que inici\u00f3 en el Malec\u00f3n habanero desde las inmediaciones de la Avenida de los Presidentes hasta la Piragua, pr\u00f3xima al emblem\u00e1tico Hotel Nacional. La Habana, 23 nov (SANA) Miles de cubanos exigieron el cese de la agresi\u00f3n israel\u00ed &hellip;<\/p>\n","protected":false},"author":30,"featured_media":315135,"comment_status":"closed","ping_status":"closed","sticky":false,"template":"","format":"standard","meta":{"footnotes":""},"categories":[597,456,16687,20724,7541],"tags":[],"class_list":["post-315133","post","type-post","status-publish","format-standard","has-post-thumbnail","","category-cinta-de-noticias","category-arabe-internacional-politica","category-internacionales","category-minuto-a-minuto","category-ultimas-noticias"],"_links":{"self":[{"href":"https:\/\/archive.sana.sy\/es\/index.php?rest_route=\/wp\/v2\/posts\/315133"}],"collection":[{"href":"https:\/\/archive.sana.sy\/es\/index.php?rest_route=\/wp\/v2\/posts"}],"about":[{"href":"https:\/\/archive.sana.sy\/es\/index.php?rest_route=\/wp\/v2\/types\/post"}],"author":[{"embeddable":true,"href":"https:\/\/archive.sana.sy\/es\/index.php?rest_route=\/wp\/v2\/users\/30"}],"replies":[{"embeddable":true,"href":"https:\/\/archive.sana.sy\/es\/index.php?rest_route=%2Fwp%2Fv2%2Fcomments&post=315133"}],"version-history":[{"count":1,"href":"https:\/\/archive.sana.sy\/es\/index.php?rest_route=\/wp\/v2\/posts\/315133\/revisions"}],"predecessor-version":[{"id":315136,"href":"https:\/\/archive.sana.sy\/es\/index.php?rest_route=\/wp\/v2\/posts\/315133\/revisions\/315136"}],"wp:featuredmedia":[{"embeddable":true,"href":"https:\/\/archive.sana.sy\/es\/index.php?rest_route=\/wp\/v2\/media\/315135"}],"wp:attachment":[{"href":"https:\/\/archive.sana.sy\/es\/index.php?rest_route=%2Fwp%2Fv2%2Fmedia&parent=315133"}],"wp:term":[{"taxonomy":"category","embeddable":true,"href":"https:\/\/archive.sana.sy\/es\/index.php?rest_route=%2Fwp%2Fv2%2Fcategories&post=315133"},{"taxonomy":"post_tag","embeddable":true,"href":"https:\/\/archive.sana.sy\/es\/index.php?rest_route=%2Fwp%2Fv2%2Ftags&post=315133"}],"curies":[{"name":"wp","href":"https:\/\/api.w.org\/{rel}","templated":true}]}}