{"id":315140,"date":"2023-11-24T11:02:00","date_gmt":"2023-11-24T08:02:00","guid":{"rendered":"https:\/\/sana.sy\/es\/?p=315140"},"modified":"2023-11-24T11:02:00","modified_gmt":"2023-11-24T08:02:00","slug":"presidente-al-assad-otorga-al-embajador-de-sudafrica-la-orden-siria-al-merito-de-primera-clase","status":"publish","type":"post","link":"https:\/\/archive.sana.sy\/es\/?p=315140","title":{"rendered":"Presidente Al-Assad otorga al embajador de Sud\u00e1frica la Orden Siria al M\u00e9rito de Primera Clase"},"content":{"rendered":"<p style=\"text-align: justify;\"><span style=\"color: #800000;\"><strong>Damasco, 24 nov (SANA)<\/strong><\/span> En una ceremonia de despedida organizada por el Ministerio de Relaciones Exteriores y Expatriados de Siria, el Presidente Bashar Al-Assad condecor\u00f3 al embajador de la Rep\u00fablica de Sud\u00e1frica, Barry Philip Gilder, con Orden Siria al M\u00e9rito de Primera Clase en reconocimiento a su labor durante su mandato en Siria.<\/p>\n<p style=\"text-align: justify;\">Durante una ceremonia de despedida celebrada en la sede de la Canciller\u00eda siria, el ministro de Asuntos Exteriores y Expatriados, Faisal A-Mekdad, dijo que la condecoraci\u00f3n de Gilder es una expresi\u00f3n de agradecimiento por sus incansables esfuerzos en fortalecer los lazos entre ambos pa\u00edses,<\/p>\n<p style=\"text-align: justify;\">Destac\u00f3 la solidez de las relaciones hist\u00f3ricas entre Siria y Sud\u00e1frica, y elogi\u00f3 las contribuciones del embajador en la mejora de las relaciones bilaterales.<\/p>\n<p style=\"text-align: justify;\">El Canciller elogi\u00f3, adem\u00e1s, la postura de Sud\u00e1frica en la lucha contra el terrorismo, el apartheid y su apoyo a las causas justas de los pueblos, especialmente la cuesti\u00f3n palestina.<\/p>\n<p style=\"text-align: justify;\">Por su parte, el embajador Gilder expres\u00f3 su aprecio por esta gran condecoraci\u00f3n por parte del Presidente al-Assad, y expres\u00f3 su orgullo por contribuir al fortalecimiento de los lazos entre su pa\u00eds y Siria.<\/p>\n<p style=\"text-align: justify;\">En su discurso, el embajador conden\u00f3 en\u00e9rgicamente los ataques continuos de Israel contra el pueblo palestino en Gaza, inst\u00f3 a la comunidad internacional a reconocer los derechos inalienables del pueblo palestino y su derecho a la creaci\u00f3n de su estado soberano en su tierra.<\/p>\n<p style=\"text-align: justify;\">\u201cSud\u00e1frica ratifica su compromiso en la lucha antiterrorista, el racismo y el colonialismo, as\u00ed como en la promoci\u00f3n de la seguridad y la estabilidad mundial\u201d, concluy\u00f3.<\/p>\n<p style=\"text-align: justify;\"><em><strong>ah\/fm<\/strong><\/em><\/p>\n","protected":false},"excerpt":{"rendered":"<p>Damasco, 24 nov (SANA) En una ceremonia de despedida organizada por el Ministerio de Relaciones Exteriores y Expatriados de Siria, el Presidente Bashar Al-Assad condecor\u00f3 al embajador de la Rep\u00fablica de Sud\u00e1frica, Barry Philip Gilder, con Orden Siria al M\u00e9rito de Primera Clase en reconocimiento a su labor durante su mandato en Siria. Durante una &hellip;<\/p>\n","protected":false},"author":30,"featured_media":315141,"comment_status":"closed","ping_status":"closed","sticky":false,"template":"","format":"standard","meta":{"footnotes":""},"categories":[597,20724,476,467,7541],"tags":[],"class_list":["post-315140","post","type-post","status-publish","format-standard","has-post-thumbnail","","category-cinta-de-noticias","category-minuto-a-minuto","category-locales","category-siria-y-el-mundo","category-ultimas-noticias"],"_links":{"self":[{"href":"https:\/\/archive.sana.sy\/es\/index.php?rest_route=\/wp\/v2\/posts\/315140"}],"collection":[{"href":"https:\/\/archive.sana.sy\/es\/index.php?rest_route=\/wp\/v2\/posts"}],"about":[{"href":"https:\/\/archive.sana.sy\/es\/index.php?rest_route=\/wp\/v2\/types\/post"}],"author":[{"embeddable":true,"href":"https:\/\/archive.sana.sy\/es\/index.php?rest_route=\/wp\/v2\/users\/30"}],"replies":[{"embeddable":true,"href":"https:\/\/archive.sana.sy\/es\/index.php?rest_route=%2Fwp%2Fv2%2Fcomments&post=315140"}],"version-history":[{"count":1,"href":"https:\/\/archive.sana.sy\/es\/index.php?rest_route=\/wp\/v2\/posts\/315140\/revisions"}],"predecessor-version":[{"id":315142,"href":"https:\/\/archive.sana.sy\/es\/index.php?rest_route=\/wp\/v2\/posts\/315140\/revisions\/315142"}],"wp:featuredmedia":[{"embeddable":true,"href":"https:\/\/archive.sana.sy\/es\/index.php?rest_route=\/wp\/v2\/media\/315141"}],"wp:attachment":[{"href":"https:\/\/archive.sana.sy\/es\/index.php?rest_route=%2Fwp%2Fv2%2Fmedia&parent=315140"}],"wp:term":[{"taxonomy":"category","embeddable":true,"href":"https:\/\/archive.sana.sy\/es\/index.php?rest_route=%2Fwp%2Fv2%2Fcategories&post=315140"},{"taxonomy":"post_tag","embeddable":true,"href":"https:\/\/archive.sana.sy\/es\/index.php?rest_route=%2Fwp%2Fv2%2Ftags&post=315140"}],"curies":[{"name":"wp","href":"https:\/\/api.w.org\/{rel}","templated":true}]}}