{"id":315145,"date":"2023-11-24T15:38:59","date_gmt":"2023-11-24T12:38:59","guid":{"rendered":"https:\/\/sana.sy\/es\/?p=315145"},"modified":"2023-11-24T15:40:08","modified_gmt":"2023-11-24T12:40:08","slug":"tregua-temporal-entro-en-vigor-en-la-franja-de-gaza","status":"publish","type":"post","link":"https:\/\/archive.sana.sy\/es\/?p=315145","title":{"rendered":"Tregua temporal entr\u00f3 en vigor en la Franja de Gaza"},"content":{"rendered":"<p style=\"text-align: justify;\"><span style=\"color: #800000;\"><strong>Jerusal\u00e9n ocupada, 24 nov (SANA)\u00a0<\/strong><\/span>\u00a0 El acuerdo de tregua temporal en la Franja de Gaza entr\u00f3 en vigor hoy a las 07:00 am hora local de Palestina ocupada, despu\u00e9s de 48 d\u00edas de continua agresi\u00f3n israel\u00ed, que caus\u00f3 la muerte de m\u00e1s de 15.000 palestinos, entre ellos 6.150 ni\u00f1os y m\u00e1s de 4.000 mujeres, adem\u00e1s de m\u00e1s de 36 mil heridos.<\/p>\n<p style=\"text-align: justify;\">El acuerdo de tregua temporal continuar\u00e1 durante un per\u00edodo de cuatro d\u00edas, sujeto a pr\u00f3rroga, e incluye la liberaci\u00f3n de mujeres y hombres palestinos detenidos en las c\u00e1rceles israel\u00edes a cambio de rehenes israel\u00edes retenidos por la resistencia palestina.<\/p>\n<p style=\"text-align: justify;\">El acuerdo estipula, adem\u00e1s, la entrada de ayuda y asistencia m\u00e9dica, adem\u00e1s de cantidades de combustible, a la Franja de Gaza.<\/p>\n<p style=\"text-align: justify;\">Durante las \u00faltimas horas antes de que la tregua temporal entrara en vigor, el ocupante israel\u00ed intensific\u00f3 sus bombardeos en el norte, centro y sur de Gaza, particularmente contra escuelas que albergan a personas desplazadas, hospitales y hogares, lo que provoc\u00f3 decenas de m\u00e1rtires y heridos.<\/p>\n<p style=\"text-align: justify;\">Durante los d\u00edas de la tregua, las ambulancias y equipos de rescate palestinos intentar\u00e1n recuperar los cuerpos de los muertos bajo de los escombros, ya que el n\u00famero de personas desaparecidas se estima en unas 7.000, entre ellas m\u00e1s de 4.700 ni\u00f1os y mujeres.<\/p>\n<p style=\"text-align: justify;\">fm\/sm<\/p>\n","protected":false},"excerpt":{"rendered":"<p>Jerusal\u00e9n ocupada, 24 nov (SANA)\u00a0\u00a0 El acuerdo de tregua temporal en la Franja de Gaza entr\u00f3 en vigor hoy a las 07:00 am hora local de Palestina ocupada, despu\u00e9s de 48 d\u00edas de continua agresi\u00f3n israel\u00ed, que caus\u00f3 la muerte de m\u00e1s de 15.000 palestinos, entre ellos 6.150 ni\u00f1os y m\u00e1s de 4.000 mujeres, adem\u00e1s &hellip;<\/p>\n","protected":false},"author":39,"featured_media":315146,"comment_status":"closed","ping_status":"closed","sticky":false,"template":"","format":"standard","meta":{"footnotes":""},"categories":[597,456,16687,20724,7541],"tags":[],"class_list":["post-315145","post","type-post","status-publish","format-standard","has-post-thumbnail","","category-cinta-de-noticias","category-arabe-internacional-politica","category-internacionales","category-minuto-a-minuto","category-ultimas-noticias"],"_links":{"self":[{"href":"https:\/\/archive.sana.sy\/es\/index.php?rest_route=\/wp\/v2\/posts\/315145"}],"collection":[{"href":"https:\/\/archive.sana.sy\/es\/index.php?rest_route=\/wp\/v2\/posts"}],"about":[{"href":"https:\/\/archive.sana.sy\/es\/index.php?rest_route=\/wp\/v2\/types\/post"}],"author":[{"embeddable":true,"href":"https:\/\/archive.sana.sy\/es\/index.php?rest_route=\/wp\/v2\/users\/39"}],"replies":[{"embeddable":true,"href":"https:\/\/archive.sana.sy\/es\/index.php?rest_route=%2Fwp%2Fv2%2Fcomments&post=315145"}],"version-history":[{"count":1,"href":"https:\/\/archive.sana.sy\/es\/index.php?rest_route=\/wp\/v2\/posts\/315145\/revisions"}],"predecessor-version":[{"id":315147,"href":"https:\/\/archive.sana.sy\/es\/index.php?rest_route=\/wp\/v2\/posts\/315145\/revisions\/315147"}],"wp:featuredmedia":[{"embeddable":true,"href":"https:\/\/archive.sana.sy\/es\/index.php?rest_route=\/wp\/v2\/media\/315146"}],"wp:attachment":[{"href":"https:\/\/archive.sana.sy\/es\/index.php?rest_route=%2Fwp%2Fv2%2Fmedia&parent=315145"}],"wp:term":[{"taxonomy":"category","embeddable":true,"href":"https:\/\/archive.sana.sy\/es\/index.php?rest_route=%2Fwp%2Fv2%2Fcategories&post=315145"},{"taxonomy":"post_tag","embeddable":true,"href":"https:\/\/archive.sana.sy\/es\/index.php?rest_route=%2Fwp%2Fv2%2Ftags&post=315145"}],"curies":[{"name":"wp","href":"https:\/\/api.w.org\/{rel}","templated":true}]}}