{"id":315151,"date":"2023-11-24T15:52:13","date_gmt":"2023-11-24T12:52:13","guid":{"rendered":"https:\/\/sana.sy\/es\/?p=315151"},"modified":"2023-11-24T15:52:13","modified_gmt":"2023-11-24T12:52:13","slug":"presidente-al-assad-ofrece-condolencias-al-diputado-libanes-muhammad-raad-por-el-martirio-de-su-hijo","status":"publish","type":"post","link":"https:\/\/archive.sana.sy\/es\/?p=315151","title":{"rendered":"Presidente Al-Assad ofrece condolencias al diputado liban\u00e9s Muhammad Raad por el martirio de su hijo"},"content":{"rendered":"<p style=\"text-align: justify;\"><span style=\"color: #800000;\"><strong>Beirut, 24 nov (SANA)\u00a0<\/strong> <\/span>El exembajador de Siria en el L\u00edbano y asesor del ministro de Asuntos Exteriores y Expatriados para Asuntos Libaneses, Ali Abdul Karim Ali, ofreci\u00f3 las condolencias en nombre del presidente Bashar Al-Assad al jefe del Bloque de Lealtad a la Resistencia, el diputado Muhammad Raad, por el martirio de su hijo en una agresi\u00f3n israel\u00ed contra el sur del L\u00edbano.<\/p>\n<p style=\"text-align: justify;\">Abbas Raad fue asesinado junto con otros combatientes de la Resistencia Libanesa como resultado de una incursi\u00f3n israel\u00ed lanzada israel\u00ed al sur del L\u00edbano el mi\u00e9rcoles pasado.<\/p>\n<p style=\"text-align: justify;\">sm\/fm<\/p>\n","protected":false},"excerpt":{"rendered":"<p>Beirut, 24 nov (SANA)\u00a0 El exembajador de Siria en el L\u00edbano y asesor del ministro de Asuntos Exteriores y Expatriados para Asuntos Libaneses, Ali Abdul Karim Ali, ofreci\u00f3 las condolencias en nombre del presidente Bashar Al-Assad al jefe del Bloque de Lealtad a la Resistencia, el diputado Muhammad Raad, por el martirio de su hijo &hellip;<\/p>\n","protected":false},"author":39,"featured_media":315152,"comment_status":"closed","ping_status":"closed","sticky":false,"template":"","format":"standard","meta":{"footnotes":""},"categories":[597,20724,16237,467,626,7541],"tags":[],"class_list":["post-315151","post","type-post","status-publish","format-standard","has-post-thumbnail","","category-cinta-de-noticias","category-minuto-a-minuto","category-presidence-de-la-republique-arabe-syria","category-siria-y-el-mundo","category-sr-presidente","category-ultimas-noticias"],"_links":{"self":[{"href":"https:\/\/archive.sana.sy\/es\/index.php?rest_route=\/wp\/v2\/posts\/315151"}],"collection":[{"href":"https:\/\/archive.sana.sy\/es\/index.php?rest_route=\/wp\/v2\/posts"}],"about":[{"href":"https:\/\/archive.sana.sy\/es\/index.php?rest_route=\/wp\/v2\/types\/post"}],"author":[{"embeddable":true,"href":"https:\/\/archive.sana.sy\/es\/index.php?rest_route=\/wp\/v2\/users\/39"}],"replies":[{"embeddable":true,"href":"https:\/\/archive.sana.sy\/es\/index.php?rest_route=%2Fwp%2Fv2%2Fcomments&post=315151"}],"version-history":[{"count":1,"href":"https:\/\/archive.sana.sy\/es\/index.php?rest_route=\/wp\/v2\/posts\/315151\/revisions"}],"predecessor-version":[{"id":315153,"href":"https:\/\/archive.sana.sy\/es\/index.php?rest_route=\/wp\/v2\/posts\/315151\/revisions\/315153"}],"wp:featuredmedia":[{"embeddable":true,"href":"https:\/\/archive.sana.sy\/es\/index.php?rest_route=\/wp\/v2\/media\/315152"}],"wp:attachment":[{"href":"https:\/\/archive.sana.sy\/es\/index.php?rest_route=%2Fwp%2Fv2%2Fmedia&parent=315151"}],"wp:term":[{"taxonomy":"category","embeddable":true,"href":"https:\/\/archive.sana.sy\/es\/index.php?rest_route=%2Fwp%2Fv2%2Fcategories&post=315151"},{"taxonomy":"post_tag","embeddable":true,"href":"https:\/\/archive.sana.sy\/es\/index.php?rest_route=%2Fwp%2Fv2%2Ftags&post=315151"}],"curies":[{"name":"wp","href":"https:\/\/api.w.org\/{rel}","templated":true}]}}