{"id":31520,"date":"2015-10-13T19:15:31","date_gmt":"2015-10-13T16:15:31","guid":{"rendered":"http:\/\/sana.sy\/es\/?p=31520"},"modified":"2015-10-13T19:15:31","modified_gmt":"2015-10-13T16:15:31","slug":"sana-gana-el-primer-premio-por-la-mejor-noticia-en-el-concurso-de-la-federacion-aman","status":"publish","type":"post","link":"https:\/\/archive.sana.sy\/es\/?p=31520","title":{"rendered":"SANA gana el primer premio por la mejor noticia en el Concurso de La Federaci\u00f3n &#8220;AMAN&#8221;"},"content":{"rendered":"<p style=\"text-align: justify\"><span style=\"color: #800000\">Sharm el-Sheikh, SANA<\/span>&#8211; La Federaci\u00f3n de Agencias de Noticias del Mediterr\u00e1neo &#8220;AMAN&#8221; anunci\u00f3 hoy oficialmente los tres primeros ganadores en el concurso realizado por la Federaci\u00f3n para la mejor noticia y la mejor imagen, la agencia \u00e1rabe siria de noticias SANA, gan\u00f3 el primer premio por la mejor noticia en esta competici\u00f3n por delante de los pa\u00edses europeos y \u00e1rabes, entre ellos Francia, Espa\u00f1a, Italia, Marruecos y Argelia, L\u00edbano y Egipto.<\/p>\n<p style=\"text-align: justify\">Por su parte, el Secretario General de AMAN George Penintaex , elogi\u00f3 la edici\u00f3n y la redacci\u00f3n del art\u00edculo, mientras que el director de Sana Ahmad Dawa expres\u00f3 por su parte el agradecimiento de la agencia SANA por ser elegida como el primer ganador, diciendo que este logro es un peque\u00f1o reflejo de los esfuerzos realizados por Siria y los medios de comunicaci\u00f3n sirios a pesar de todos los ataques terroristas y al guerra medi\u00e1tica dirigidas contra los medios de comunicaci\u00f3n y los periodistas sirios, se\u00f1alando que 8 miembros del personal editorial de SANA han perdido la vida por ataques terroristas.<\/p>\n<p style=\"text-align: justify\">Dawa agreg\u00f3 que a pesar de terrorismo y la propaganda dirigido Siria, los medios de comunicaci\u00f3n sirios lograron alcanzar grandes zancadas y enfrentar a muchas campa\u00f1as de propaganda orquestada por medios enemigos que est\u00e1n profundamente involucrados en la guerra terrorista contra Siria.<\/p>\n<p>M.Miri<\/p>\n","protected":false},"excerpt":{"rendered":"<p>Sharm el-Sheikh, SANA&#8211; La Federaci\u00f3n de Agencias de Noticias del Mediterr\u00e1neo &#8220;AMAN&#8221; anunci\u00f3 hoy oficialmente los tres primeros ganadores en el concurso realizado por la Federaci\u00f3n para la mejor noticia y la mejor imagen, la agencia \u00e1rabe siria de noticias SANA, gan\u00f3 el primer premio por la mejor noticia en esta competici\u00f3n por delante de &hellip;<\/p>\n","protected":false},"author":1,"featured_media":31521,"comment_status":"closed","ping_status":"closed","sticky":false,"template":"","format":"standard","meta":{"footnotes":""},"categories":[477,476],"tags":[7017],"class_list":["post-31520","post","type-post","status-publish","format-standard","has-post-thumbnail","","category-noticias-edulcorantes","category-locales","tag-sana-gana-el-primer-premio-por-la-mejor-noticia-en-el-concurso-de-la-federacion-aman"],"_links":{"self":[{"href":"https:\/\/archive.sana.sy\/es\/index.php?rest_route=\/wp\/v2\/posts\/31520"}],"collection":[{"href":"https:\/\/archive.sana.sy\/es\/index.php?rest_route=\/wp\/v2\/posts"}],"about":[{"href":"https:\/\/archive.sana.sy\/es\/index.php?rest_route=\/wp\/v2\/types\/post"}],"author":[{"embeddable":true,"href":"https:\/\/archive.sana.sy\/es\/index.php?rest_route=\/wp\/v2\/users\/1"}],"replies":[{"embeddable":true,"href":"https:\/\/archive.sana.sy\/es\/index.php?rest_route=%2Fwp%2Fv2%2Fcomments&post=31520"}],"version-history":[{"count":0,"href":"https:\/\/archive.sana.sy\/es\/index.php?rest_route=\/wp\/v2\/posts\/31520\/revisions"}],"wp:featuredmedia":[{"embeddable":true,"href":"https:\/\/archive.sana.sy\/es\/index.php?rest_route=\/wp\/v2\/media\/31521"}],"wp:attachment":[{"href":"https:\/\/archive.sana.sy\/es\/index.php?rest_route=%2Fwp%2Fv2%2Fmedia&parent=31520"}],"wp:term":[{"taxonomy":"category","embeddable":true,"href":"https:\/\/archive.sana.sy\/es\/index.php?rest_route=%2Fwp%2Fv2%2Fcategories&post=31520"},{"taxonomy":"post_tag","embeddable":true,"href":"https:\/\/archive.sana.sy\/es\/index.php?rest_route=%2Fwp%2Fv2%2Ftags&post=31520"}],"curies":[{"name":"wp","href":"https:\/\/api.w.org\/{rel}","templated":true}]}}