{"id":315200,"date":"2023-11-25T19:00:38","date_gmt":"2023-11-25T16:00:38","guid":{"rendered":"https:\/\/sana.sy\/es\/?p=315200"},"modified":"2023-11-26T06:58:52","modified_gmt":"2023-11-26T03:58:52","slug":"canciller-sirio-recibe-al-secretario-general-del-frente-popular-para-la-liberacion-de-palestina-comando-general","status":"publish","type":"post","link":"https:\/\/archive.sana.sy\/es\/?p=315200","title":{"rendered":"Canciller sirio reitera apoyo de su pa\u00eds a la causa palestina"},"content":{"rendered":"<p style=\"text-align: justify;\"><span style=\"color: #800000;\"><strong>Damasco, 25 nov (SANA)\u00a0<\/strong><\/span> \u00a0El ministro de Asuntos Exteriores y Expatriados, Faisal Al-Mekdad, recibi\u00f3 hoy a Talal Naji, secretario general del Frente Popular para la Liberaci\u00f3n de Palestina &#8211; Comando General, y una delegaci\u00f3n que le acompa\u00f1a.<\/p>\n<p style=\"text-align: justify;\">Al-Mekdad reiter\u00f3 el apoyo firme de Siria a la causa palestina y elogi\u00f3 la heroica lucha del pueblo de Gaza contra el ocupante sionista.<\/p>\n<p style=\"text-align: justify;\"><img loading=\"lazy\" decoding=\"async\" class=\"size-medium wp-image-315224 alignleft\" src=\"http:\/\/sana.sy\/es\/wp-content\/uploads\/2023\/11\/MHM_0004-copy-1-300x190.jpg\" alt=\"\" width=\"300\" height=\"190\" srcset=\"https:\/\/archive.sana.sy\/es\/wp-content\/uploads\/2023\/11\/MHM_0004-copy-1-300x190.jpg 300w, https:\/\/archive.sana.sy\/es\/wp-content\/uploads\/2023\/11\/MHM_0004-copy-1-150x95.jpg 150w, https:\/\/archive.sana.sy\/es\/wp-content\/uploads\/2023\/11\/MHM_0004-copy-1.jpg 660w\" sizes=\"(max-width: 300px) 100vw, 300px\" \/>Destac\u00f3 la necesidad de poner fin a la sangrienta agresi\u00f3n israel\u00ed que masacr\u00f3 brutalmente a los ni\u00f1os y mujeres, y destruy\u00f3 hospitales e instalaciones civiles.<\/p>\n<p style=\"text-align: justify;\">El jefe de diplomacia Expres\u00f3 el rechazo a cualquier intento de desplazar a los residentes de Gaza y a los palestinos en general fuera de sus localidades.<\/p>\n<p style=\"text-align: justify;\">Conden\u00f3 los cr\u00edmenes de guerra contra la humanidad cometidos por el ocupante que desprecia todos los valores y principios humanitarios de la Ley Internacional.<\/p>\n<p style=\"text-align: justify;\">Por su parte, Naji agradeci\u00f3 a Siria por su apoyo a la resistencia y a la causa palestina.<\/p>\n<p style=\"text-align: justify;\">Dijo que el pueblo palestino continuar\u00e1 su lucha contra las pol\u00edticas racistas del ocupante destinadas a liquidar la causa palestina, y su lucha por obtener su libertad y establecer su estado independiente con Jerusal\u00e9n como su capital.<\/p>\n<p style=\"text-align: justify;\">rr\/fm\/ed<\/p>\n","protected":false},"excerpt":{"rendered":"<p>Damasco, 25 nov (SANA)\u00a0 \u00a0El ministro de Asuntos Exteriores y Expatriados, Faisal Al-Mekdad, recibi\u00f3 hoy a Talal Naji, secretario general del Frente Popular para la Liberaci\u00f3n de Palestina &#8211; Comando General, y una delegaci\u00f3n que le acompa\u00f1a. Al-Mekdad reiter\u00f3 el apoyo firme de Siria a la causa palestina y elogi\u00f3 la heroica lucha del pueblo &hellip;<\/p>\n","protected":false},"author":32,"featured_media":315201,"comment_status":"closed","ping_status":"closed","sticky":false,"template":"","format":"standard","meta":{"footnotes":""},"categories":[477,597,20724,476,583],"tags":[],"class_list":["post-315200","post","type-post","status-publish","format-standard","has-post-thumbnail","","category-noticias-edulcorantes","category-cinta-de-noticias","category-minuto-a-minuto","category-locales","category-slide"],"_links":{"self":[{"href":"https:\/\/archive.sana.sy\/es\/index.php?rest_route=\/wp\/v2\/posts\/315200"}],"collection":[{"href":"https:\/\/archive.sana.sy\/es\/index.php?rest_route=\/wp\/v2\/posts"}],"about":[{"href":"https:\/\/archive.sana.sy\/es\/index.php?rest_route=\/wp\/v2\/types\/post"}],"author":[{"embeddable":true,"href":"https:\/\/archive.sana.sy\/es\/index.php?rest_route=\/wp\/v2\/users\/32"}],"replies":[{"embeddable":true,"href":"https:\/\/archive.sana.sy\/es\/index.php?rest_route=%2Fwp%2Fv2%2Fcomments&post=315200"}],"version-history":[{"count":5,"href":"https:\/\/archive.sana.sy\/es\/index.php?rest_route=\/wp\/v2\/posts\/315200\/revisions"}],"predecessor-version":[{"id":315226,"href":"https:\/\/archive.sana.sy\/es\/index.php?rest_route=\/wp\/v2\/posts\/315200\/revisions\/315226"}],"wp:featuredmedia":[{"embeddable":true,"href":"https:\/\/archive.sana.sy\/es\/index.php?rest_route=\/wp\/v2\/media\/315201"}],"wp:attachment":[{"href":"https:\/\/archive.sana.sy\/es\/index.php?rest_route=%2Fwp%2Fv2%2Fmedia&parent=315200"}],"wp:term":[{"taxonomy":"category","embeddable":true,"href":"https:\/\/archive.sana.sy\/es\/index.php?rest_route=%2Fwp%2Fv2%2Fcategories&post=315200"},{"taxonomy":"post_tag","embeddable":true,"href":"https:\/\/archive.sana.sy\/es\/index.php?rest_route=%2Fwp%2Fv2%2Ftags&post=315200"}],"curies":[{"name":"wp","href":"https:\/\/api.w.org\/{rel}","templated":true}]}}