{"id":315230,"date":"2023-11-25T18:57:41","date_gmt":"2023-11-25T15:57:41","guid":{"rendered":"https:\/\/sana.sy\/es\/?p=315230"},"modified":"2023-11-25T18:57:41","modified_gmt":"2023-11-25T15:57:41","slug":"con-una-asistencia-rusa-inauguran-en-siria-centro-docente-para-ninos-discapacitados-fotos","status":"publish","type":"post","link":"https:\/\/archive.sana.sy\/es\/?p=315230","title":{"rendered":"Con una asistencia rusa, inauguran en Siria centro docente para ni\u00f1os discapacitados (+ fotos)"},"content":{"rendered":"<p style=\"text-align: justify;\"><span style=\"color: #800000;\"><strong>Damasco, 25 nov (SANA)\u00a0<\/strong><\/span> \u00a0Con una asistencia rusa, fue inaugurado hoy en la localidad de Al-Qadam, al sur de Damasco, un centro de ense\u00f1anza para ni\u00f1os con discapacidad.<\/p>\n<p style=\"text-align: justify;\">Esta iniciativa fue organizada por militares del Centro Ruso de Coordinaci\u00f3n en Siria, la Fundaci\u00f3n para la Cooperaci\u00f3n Sirio-Rusa y el Centro de Educaci\u00f3n para Ni\u00f1os con Discapacidad.<\/p>\n<p style=\"text-align: justify;\">Al evento asistieron el jefe adjunto de la Regi\u00f3n Militar Central, el contraalmirante Vadim Kulit, el presidente de la junta directiva de la Fundaci\u00f3n para la Cooperaci\u00f3n Sirio-Rusa, Fadi Isani, el ministro sirio de Asuntos Sociales y Trabajo, Luay Al-Munajid, y el director de la Centro Ruso para la Ciencia y la Cultura \u201cCasa Rusa\u201d en Damasco, Nikolai Sukhov.<\/p>\n<p style=\"text-align: justify;\">En su discurso, Isani agradeci\u00f3 a todos los presentes y, en particular, a la parte rusa por la organizaci\u00f3n de este evento. Destac\u00f3 la importancia de abrir tales instituciones para los ni\u00f1os, especialmente en un momento tan dif\u00edcil para Siria.<\/p>\n<p style=\"text-align: justify;\">Al finalizar el acto de inauguraci\u00f3n, los invitados recorrieron por el centro donde los ni\u00f1os con distintos grados de discapacidad recibir\u00e1n educaci\u00f3n especial y aprender\u00e1n idiomas extranjeros, incluido el ruso.<\/p>\n<p style=\"text-align: justify;\">Asimismo, los militares distribuyeron canastas de alimentos a 25 familias con ni\u00f1os discapacitados. La ayuda incluye harina, arroz, az\u00facar, pasta, aceite vegetal y trigo.<\/p>\n<div id='gallery-1' class='gallery galleryid-315230 gallery-columns-1 gallery-size-full'><figure class='gallery-item'>\n\t\t\t<div class='gallery-icon landscape'>\n\t\t\t\t<a href='https:\/\/archive.sana.sy\/es\/wp-content\/uploads\/2023\/11\/photo_2023-11-24_19-16-58.jpg'><img loading=\"lazy\" decoding=\"async\" width=\"1280\" height=\"960\" src=\"https:\/\/archive.sana.sy\/es\/wp-content\/uploads\/2023\/11\/photo_2023-11-24_19-16-58.jpg\" class=\"attachment-full size-full\" alt=\"\" srcset=\"https:\/\/archive.sana.sy\/es\/wp-content\/uploads\/2023\/11\/photo_2023-11-24_19-16-58.jpg 1280w, https:\/\/archive.sana.sy\/es\/wp-content\/uploads\/2023\/11\/photo_2023-11-24_19-16-58-300x225.jpg 300w, https:\/\/archive.sana.sy\/es\/wp-content\/uploads\/2023\/11\/photo_2023-11-24_19-16-58-1024x768.jpg 1024w, https:\/\/archive.sana.sy\/es\/wp-content\/uploads\/2023\/11\/photo_2023-11-24_19-16-58-150x113.jpg 150w, https:\/\/archive.sana.sy\/es\/wp-content\/uploads\/2023\/11\/photo_2023-11-24_19-16-58-768x576.jpg 768w\" sizes=\"(max-width: 1280px) 100vw, 1280px\" \/><\/a>\n\t\t\t<\/div><\/figure><figure class='gallery-item'>\n\t\t\t<div class='gallery-icon landscape'>\n\t\t\t\t<a href='https:\/\/archive.sana.sy\/es\/wp-content\/uploads\/2023\/11\/photo_2023-11-24_19-17-00.jpg'><img loading=\"lazy\" decoding=\"async\" width=\"1280\" height=\"960\" src=\"https:\/\/archive.sana.sy\/es\/wp-content\/uploads\/2023\/11\/photo_2023-11-24_19-17-00.jpg\" class=\"attachment-full size-full\" alt=\"\" srcset=\"https:\/\/archive.sana.sy\/es\/wp-content\/uploads\/2023\/11\/photo_2023-11-24_19-17-00.jpg 1280w, https:\/\/archive.sana.sy\/es\/wp-content\/uploads\/2023\/11\/photo_2023-11-24_19-17-00-300x225.jpg 300w, https:\/\/archive.sana.sy\/es\/wp-content\/uploads\/2023\/11\/photo_2023-11-24_19-17-00-1024x768.jpg 1024w, https:\/\/archive.sana.sy\/es\/wp-content\/uploads\/2023\/11\/photo_2023-11-24_19-17-00-150x113.jpg 150w, https:\/\/archive.sana.sy\/es\/wp-content\/uploads\/2023\/11\/photo_2023-11-24_19-17-00-768x576.jpg 768w\" sizes=\"(max-width: 1280px) 100vw, 1280px\" \/><\/a>\n\t\t\t<\/div><\/figure><figure class='gallery-item'>\n\t\t\t<div class='gallery-icon landscape'>\n\t\t\t\t<a href='https:\/\/archive.sana.sy\/es\/wp-content\/uploads\/2023\/11\/photo_2023-11-24_19-16-59.jpg'><img loading=\"lazy\" decoding=\"async\" width=\"1280\" height=\"960\" src=\"https:\/\/archive.sana.sy\/es\/wp-content\/uploads\/2023\/11\/photo_2023-11-24_19-16-59.jpg\" class=\"attachment-full size-full\" alt=\"\" srcset=\"https:\/\/archive.sana.sy\/es\/wp-content\/uploads\/2023\/11\/photo_2023-11-24_19-16-59.jpg 1280w, https:\/\/archive.sana.sy\/es\/wp-content\/uploads\/2023\/11\/photo_2023-11-24_19-16-59-300x225.jpg 300w, https:\/\/archive.sana.sy\/es\/wp-content\/uploads\/2023\/11\/photo_2023-11-24_19-16-59-1024x768.jpg 1024w, https:\/\/archive.sana.sy\/es\/wp-content\/uploads\/2023\/11\/photo_2023-11-24_19-16-59-150x113.jpg 150w, https:\/\/archive.sana.sy\/es\/wp-content\/uploads\/2023\/11\/photo_2023-11-24_19-16-59-768x576.jpg 768w\" sizes=\"(max-width: 1280px) 100vw, 1280px\" \/><\/a>\n\t\t\t<\/div><\/figure><figure class='gallery-item'>\n\t\t\t<div class='gallery-icon landscape'>\n\t\t\t\t<a href='https:\/\/archive.sana.sy\/es\/wp-content\/uploads\/2023\/11\/photo_2023-11-24_19-16-57.jpg'><img loading=\"lazy\" decoding=\"async\" width=\"1280\" height=\"960\" src=\"https:\/\/archive.sana.sy\/es\/wp-content\/uploads\/2023\/11\/photo_2023-11-24_19-16-57.jpg\" class=\"attachment-full size-full\" alt=\"\" srcset=\"https:\/\/archive.sana.sy\/es\/wp-content\/uploads\/2023\/11\/photo_2023-11-24_19-16-57.jpg 1280w, https:\/\/archive.sana.sy\/es\/wp-content\/uploads\/2023\/11\/photo_2023-11-24_19-16-57-300x225.jpg 300w, https:\/\/archive.sana.sy\/es\/wp-content\/uploads\/2023\/11\/photo_2023-11-24_19-16-57-1024x768.jpg 1024w, https:\/\/archive.sana.sy\/es\/wp-content\/uploads\/2023\/11\/photo_2023-11-24_19-16-57-150x113.jpg 150w, https:\/\/archive.sana.sy\/es\/wp-content\/uploads\/2023\/11\/photo_2023-11-24_19-16-57-768x576.jpg 768w\" sizes=\"(max-width: 1280px) 100vw, 1280px\" \/><\/a>\n\t\t\t<\/div><\/figure>\n\t\t<\/div>\n\n<p style=\"text-align: justify;\">rr\/fm<\/p>\n","protected":false},"excerpt":{"rendered":"<p>Damasco, 25 nov (SANA)\u00a0 \u00a0Con una asistencia rusa, fue inaugurado hoy en la localidad de Al-Qadam, al sur de Damasco, un centro de ense\u00f1anza para ni\u00f1os con discapacidad. Esta iniciativa fue organizada por militares del Centro Ruso de Coordinaci\u00f3n en Siria, la Fundaci\u00f3n para la Cooperaci\u00f3n Sirio-Rusa y el Centro de Educaci\u00f3n para Ni\u00f1os con &hellip;<\/p>\n","protected":false},"author":31,"featured_media":315231,"comment_status":"closed","ping_status":"closed","sticky":false,"template":"","format":"standard","meta":{"footnotes":""},"categories":[597,476,7541],"tags":[],"class_list":["post-315230","post","type-post","status-publish","format-standard","has-post-thumbnail","","category-cinta-de-noticias","category-locales","category-ultimas-noticias"],"_links":{"self":[{"href":"https:\/\/archive.sana.sy\/es\/index.php?rest_route=\/wp\/v2\/posts\/315230"}],"collection":[{"href":"https:\/\/archive.sana.sy\/es\/index.php?rest_route=\/wp\/v2\/posts"}],"about":[{"href":"https:\/\/archive.sana.sy\/es\/index.php?rest_route=\/wp\/v2\/types\/post"}],"author":[{"embeddable":true,"href":"https:\/\/archive.sana.sy\/es\/index.php?rest_route=\/wp\/v2\/users\/31"}],"replies":[{"embeddable":true,"href":"https:\/\/archive.sana.sy\/es\/index.php?rest_route=%2Fwp%2Fv2%2Fcomments&post=315230"}],"version-history":[{"count":1,"href":"https:\/\/archive.sana.sy\/es\/index.php?rest_route=\/wp\/v2\/posts\/315230\/revisions"}],"predecessor-version":[{"id":315236,"href":"https:\/\/archive.sana.sy\/es\/index.php?rest_route=\/wp\/v2\/posts\/315230\/revisions\/315236"}],"wp:featuredmedia":[{"embeddable":true,"href":"https:\/\/archive.sana.sy\/es\/index.php?rest_route=\/wp\/v2\/media\/315231"}],"wp:attachment":[{"href":"https:\/\/archive.sana.sy\/es\/index.php?rest_route=%2Fwp%2Fv2%2Fmedia&parent=315230"}],"wp:term":[{"taxonomy":"category","embeddable":true,"href":"https:\/\/archive.sana.sy\/es\/index.php?rest_route=%2Fwp%2Fv2%2Fcategories&post=315230"},{"taxonomy":"post_tag","embeddable":true,"href":"https:\/\/archive.sana.sy\/es\/index.php?rest_route=%2Fwp%2Fv2%2Ftags&post=315230"}],"curies":[{"name":"wp","href":"https:\/\/api.w.org\/{rel}","templated":true}]}}