{"id":31525,"date":"2015-10-13T19:39:45","date_gmt":"2015-10-13T16:39:45","guid":{"rendered":"http:\/\/sana.sy\/es\/?p=31525"},"modified":"2015-10-13T19:39:45","modified_gmt":"2015-10-13T16:39:45","slug":"shaaban-discute-con-el-viceministro-de-relaciones-exteriores-chino-los-ultimos-acontecimientos","status":"publish","type":"post","link":"https:\/\/archive.sana.sy\/es\/?p=31525","title":{"rendered":"Shaaban discute con el viceministro de Relaciones Exteriores chino los \u00faltimos acontecimientos"},"content":{"rendered":"<p style=\"text-align: justify\">Da<span style=\"color: #800000\">masco, SANA-<\/span> La Asesora Pol\u00edtica y de Medios de Comunicaci\u00f3n de la Presidencia, Bouthaina Shaaban, se reuni\u00f3 el martes con el viceministro de Relaciones Exteriores de China, Zhang Ming, y discuti\u00f3 con \u00e9l los \u00faltimos acontecimientos relativos a la crisis en Siria y los esfuerzos realizados contra el terrorismo.<\/p>\n<p style=\"text-align: justify\">Shaaban destac\u00f3 la necesidad de la cooperaci\u00f3n para prevenir la propagaci\u00f3n del terrorismo, agradeciendo al gobierno chino por sus posiciones equilibradas y su apoyo a los derechos de los pueblos y la legitimidad internacional.<\/p>\n<p style=\"text-align: justify\">Por su parte, Zhang subray\u00f3 la importancia de las reuniones directas para contrarrestar la propaganda medi\u00e1tica malicioso, afirmando el compromiso de China para resolver la crisis en Siria.<\/p>\n<p style=\"text-align: justify\">Tambi\u00e9n dijo que la comunidad internacional debe cooperar para luchar contra el terrorismo, y que el mundo debe respetar los esfuerzos del gobierno sirio en la lucha contra el terrorismo, y agreg\u00f3 que China est\u00e1 dispuesta a cooperar con Siria en ese sentido.<\/p>\n<p style=\"text-align: justify\">Zhang afirm\u00f3 la importancia de la comunicaci\u00f3n directa con el gobierno sirio y rechazando la pol\u00edtica de doble est\u00e1ndar, alabando tanto el papel eficaz desempe\u00f1ado por el Ej\u00e9rcito sirio en cooperaci\u00f3n con la Fuerza A\u00e9rea de Rusia en las \u00faltimas semanas, y alab\u00f3 la diplomacia siria por sus incansables esfuerzos para llegar a un proceso pol\u00edtico y por su posici\u00f3n positiva en respecto a todas las iniciativas relativas a la crisis siria.<\/p>\n<p>M.Miri<\/p>\n","protected":false},"excerpt":{"rendered":"<p>Damasco, SANA- La Asesora Pol\u00edtica y de Medios de Comunicaci\u00f3n de la Presidencia, Bouthaina Shaaban, se reuni\u00f3 el martes con el viceministro de Relaciones Exteriores de China, Zhang Ming, y discuti\u00f3 con \u00e9l los \u00faltimos acontecimientos relativos a la crisis en Siria y los esfuerzos realizados contra el terrorismo. Shaaban destac\u00f3 la necesidad de la &hellip;<\/p>\n","protected":false},"author":1,"featured_media":31526,"comment_status":"closed","ping_status":"closed","sticky":false,"template":"","format":"standard","meta":{"footnotes":""},"categories":[456,457,576],"tags":[7019],"class_list":["post-31525","post","type-post","status-publish","format-standard","has-post-thumbnail","","category-arabe-internacional-politica","category-noticias-arabe-internacional-politica","category-noticias-politicas","tag-shaaban-discute-con-el-viceministro-de-relaciones-exteriores-chino-los-ultimos-acontecimientos"],"_links":{"self":[{"href":"https:\/\/archive.sana.sy\/es\/index.php?rest_route=\/wp\/v2\/posts\/31525"}],"collection":[{"href":"https:\/\/archive.sana.sy\/es\/index.php?rest_route=\/wp\/v2\/posts"}],"about":[{"href":"https:\/\/archive.sana.sy\/es\/index.php?rest_route=\/wp\/v2\/types\/post"}],"author":[{"embeddable":true,"href":"https:\/\/archive.sana.sy\/es\/index.php?rest_route=\/wp\/v2\/users\/1"}],"replies":[{"embeddable":true,"href":"https:\/\/archive.sana.sy\/es\/index.php?rest_route=%2Fwp%2Fv2%2Fcomments&post=31525"}],"version-history":[{"count":0,"href":"https:\/\/archive.sana.sy\/es\/index.php?rest_route=\/wp\/v2\/posts\/31525\/revisions"}],"wp:featuredmedia":[{"embeddable":true,"href":"https:\/\/archive.sana.sy\/es\/index.php?rest_route=\/wp\/v2\/media\/31526"}],"wp:attachment":[{"href":"https:\/\/archive.sana.sy\/es\/index.php?rest_route=%2Fwp%2Fv2%2Fmedia&parent=31525"}],"wp:term":[{"taxonomy":"category","embeddable":true,"href":"https:\/\/archive.sana.sy\/es\/index.php?rest_route=%2Fwp%2Fv2%2Fcategories&post=31525"},{"taxonomy":"post_tag","embeddable":true,"href":"https:\/\/archive.sana.sy\/es\/index.php?rest_route=%2Fwp%2Fv2%2Ftags&post=31525"}],"curies":[{"name":"wp","href":"https:\/\/api.w.org\/{rel}","templated":true}]}}