{"id":315275,"date":"2023-11-26T09:27:43","date_gmt":"2023-11-26T06:27:43","guid":{"rendered":"https:\/\/sana.sy\/es\/?p=315275"},"modified":"2023-11-26T20:17:47","modified_gmt":"2023-11-26T17:17:47","slug":"3-200-palestinos-fueron-detenidos-en-cisjordania-desde-el-inicio-de-la-agresion-israeli-contra-gaza","status":"publish","type":"post","link":"https:\/\/archive.sana.sy\/es\/?p=315275","title":{"rendered":"3.200 palestinos fueron detenidos en Cisjordania desde el inicio de la agresi\u00f3n israel\u00ed contra Gaza"},"content":{"rendered":"<p style=\"text-align: justify;\"><span style=\"color: #800000;\"><strong>Jerusal\u00e9n ocupada, 26 nov (SANA)<\/strong><\/span>\u00a0 La Autoridad Palestina para Asuntos de Prisioneros y Exprisioneros revel\u00f3 que las fuerzas de ocupaci\u00f3n israel\u00edes han arrestado desde el inicio de la agresi\u00f3n israel\u00ed a la Franja de Gaza el 7 de octubre, a unos 3.200 palestinos en Cisjordania, incluida la ciudad ocupada de Jerusal\u00e9n.<\/p>\n<p style=\"text-align: justify;\">La entidad afirm\u00f3 en un comunicado publicado por la Agencia Wafa, que el n\u00famero de detenidos palestinos en los centros de detenci\u00f3n israel\u00edes ha llegado a m\u00e1s de 7.000 prisioneros, entre ellos m\u00e1s de 200 ni\u00f1os y unas 78 prisioneras, y cientos de personas enfermas y heridas, algunas necesitan intervenci\u00f3n m\u00e9dica urgente.<\/p>\n<p style=\"text-align: justify;\">Las autoridades de ocupaci\u00f3n han intensificado las operaciones de detenci\u00f3n desde el inicio de la agresi\u00f3n a Gaza.<\/p>\n<p style=\"text-align: justify;\">fm\/rr<\/p>\n","protected":false},"excerpt":{"rendered":"<p>Jerusal\u00e9n ocupada, 26 nov (SANA)\u00a0 La Autoridad Palestina para Asuntos de Prisioneros y Exprisioneros revel\u00f3 que las fuerzas de ocupaci\u00f3n israel\u00edes han arrestado desde el inicio de la agresi\u00f3n israel\u00ed a la Franja de Gaza el 7 de octubre, a unos 3.200 palestinos en Cisjordania, incluida la ciudad ocupada de Jerusal\u00e9n. La entidad afirm\u00f3 en &hellip;<\/p>\n","protected":false},"author":31,"featured_media":315277,"comment_status":"closed","ping_status":"closed","sticky":false,"template":"","format":"standard","meta":{"footnotes":""},"categories":[597,456,16687,583],"tags":[12002,1494],"class_list":["post-315275","post","type-post","status-publish","format-standard","has-post-thumbnail","","category-cinta-de-noticias","category-arabe-internacional-politica","category-internacionales","category-slide","tag-gaza","tag-palestina"],"_links":{"self":[{"href":"https:\/\/archive.sana.sy\/es\/index.php?rest_route=\/wp\/v2\/posts\/315275"}],"collection":[{"href":"https:\/\/archive.sana.sy\/es\/index.php?rest_route=\/wp\/v2\/posts"}],"about":[{"href":"https:\/\/archive.sana.sy\/es\/index.php?rest_route=\/wp\/v2\/types\/post"}],"author":[{"embeddable":true,"href":"https:\/\/archive.sana.sy\/es\/index.php?rest_route=\/wp\/v2\/users\/31"}],"replies":[{"embeddable":true,"href":"https:\/\/archive.sana.sy\/es\/index.php?rest_route=%2Fwp%2Fv2%2Fcomments&post=315275"}],"version-history":[{"count":1,"href":"https:\/\/archive.sana.sy\/es\/index.php?rest_route=\/wp\/v2\/posts\/315275\/revisions"}],"predecessor-version":[{"id":315278,"href":"https:\/\/archive.sana.sy\/es\/index.php?rest_route=\/wp\/v2\/posts\/315275\/revisions\/315278"}],"wp:featuredmedia":[{"embeddable":true,"href":"https:\/\/archive.sana.sy\/es\/index.php?rest_route=\/wp\/v2\/media\/315277"}],"wp:attachment":[{"href":"https:\/\/archive.sana.sy\/es\/index.php?rest_route=%2Fwp%2Fv2%2Fmedia&parent=315275"}],"wp:term":[{"taxonomy":"category","embeddable":true,"href":"https:\/\/archive.sana.sy\/es\/index.php?rest_route=%2Fwp%2Fv2%2Fcategories&post=315275"},{"taxonomy":"post_tag","embeddable":true,"href":"https:\/\/archive.sana.sy\/es\/index.php?rest_route=%2Fwp%2Fv2%2Ftags&post=315275"}],"curies":[{"name":"wp","href":"https:\/\/api.w.org\/{rel}","templated":true}]}}