{"id":315341,"date":"2023-11-27T15:43:41","date_gmt":"2023-11-27T12:43:41","guid":{"rendered":"https:\/\/sana.sy\/es\/?p=315341"},"modified":"2023-11-27T15:43:41","modified_gmt":"2023-11-27T12:43:41","slug":"venezuela-condena-agresion-israeli-contra-aeropuerto-internacional-de-damasco","status":"publish","type":"post","link":"https:\/\/archive.sana.sy\/es\/?p=315341","title":{"rendered":"Venezuela condena agresi\u00f3n israel\u00ed contra Aeropuerto Internacional de Damasco"},"content":{"rendered":"<p style=\"text-align: justify;\"><strong><span style=\"color: #800000;\">Caracas, 27 nov (SANA)<\/span>\u00a0<\/strong> El gobierno de la Rep\u00fablica Bolivariana de Venezuela conden\u00f3 en\u00e9rgicamente el ataque con misiles perpetrada contra el Aeropuerto Internacional de Damasco, en horas de la tarde del d\u00eda 26 de este mes de noviembre, y que caus\u00f3 graves da\u00f1os materiales, dej\u00e1ndolo fuera de servicio.<\/p>\n<p style=\"text-align: justify;\">\u201cEsta nueva agresi\u00f3n por parte de \u201cIsrael\u201d, generadora de la tensi\u00f3n pol\u00edtica y militar en el Oriente Medio, en el marco de las hostilidades y cr\u00edmenes de guerra desatada contra el pueblo palestino, se definen como una evidente violaci\u00f3n flagrante al Derecho Internacional Humanitario, que ha dejado miles de m\u00e1rtires, m\u00faltiples heridos y la destrucci\u00f3n de comunidades enteras\u201d, indic\u00f3 un comunicado emitido por la Canciller\u00eda de esta naci\u00f3n sudamericana.<\/p>\n<p style=\"text-align: justify;\">La declaraci\u00f3n indic\u00f3 que el Gobierno bolivariano reitera que la diplomacia de paz es el \u00fanico camino y destino de la humanidad, en aras de alcanzar la necesaria unidad de la comunidad internacional en la lucha contra toda forma de violencia, de conformidad con los principios y prop\u00f3sito de la Carta de las Naciones Unidas y otras obligaciones previstas en el derecho internacional.<\/p>\n<p style=\"text-align: justify;\">Ya suman 43 los ataques de Israel contra territorio sirio este a\u00f1o. Siria asegura que esas acciones provocan v\u00edctimas en la poblaci\u00f3n civil, pretenden prolongar la guerra, mantener inestable a esta naci\u00f3n y debilitar su Ej\u00e9rcito.<\/p>\n<p style=\"text-align: justify;\">El Ministerio de Asuntos Exteriores inst\u00f3 al Consejo de Seguridad de las Naciones Unidas a cumplir sus responsabilidades y poner fin a esas agresiones israel\u00edes.<\/p>\n<p style=\"text-align: justify;\">fm\/ed<\/p>\n","protected":false},"excerpt":{"rendered":"<p>Caracas, 27 nov (SANA)\u00a0 El gobierno de la Rep\u00fablica Bolivariana de Venezuela conden\u00f3 en\u00e9rgicamente el ataque con misiles perpetrada contra el Aeropuerto Internacional de Damasco, en horas de la tarde del d\u00eda 26 de este mes de noviembre, y que caus\u00f3 graves da\u00f1os materiales, dej\u00e1ndolo fuera de servicio. \u201cEsta nueva agresi\u00f3n por parte de \u201cIsrael\u201d, &hellip;<\/p>\n","protected":false},"author":32,"featured_media":315342,"comment_status":"closed","ping_status":"closed","sticky":false,"template":"","format":"standard","meta":{"footnotes":""},"categories":[597,467,7541],"tags":[],"class_list":["post-315341","post","type-post","status-publish","format-standard","has-post-thumbnail","","category-cinta-de-noticias","category-siria-y-el-mundo","category-ultimas-noticias"],"_links":{"self":[{"href":"https:\/\/archive.sana.sy\/es\/index.php?rest_route=\/wp\/v2\/posts\/315341"}],"collection":[{"href":"https:\/\/archive.sana.sy\/es\/index.php?rest_route=\/wp\/v2\/posts"}],"about":[{"href":"https:\/\/archive.sana.sy\/es\/index.php?rest_route=\/wp\/v2\/types\/post"}],"author":[{"embeddable":true,"href":"https:\/\/archive.sana.sy\/es\/index.php?rest_route=\/wp\/v2\/users\/32"}],"replies":[{"embeddable":true,"href":"https:\/\/archive.sana.sy\/es\/index.php?rest_route=%2Fwp%2Fv2%2Fcomments&post=315341"}],"version-history":[{"count":1,"href":"https:\/\/archive.sana.sy\/es\/index.php?rest_route=\/wp\/v2\/posts\/315341\/revisions"}],"predecessor-version":[{"id":315343,"href":"https:\/\/archive.sana.sy\/es\/index.php?rest_route=\/wp\/v2\/posts\/315341\/revisions\/315343"}],"wp:featuredmedia":[{"embeddable":true,"href":"https:\/\/archive.sana.sy\/es\/index.php?rest_route=\/wp\/v2\/media\/315342"}],"wp:attachment":[{"href":"https:\/\/archive.sana.sy\/es\/index.php?rest_route=%2Fwp%2Fv2%2Fmedia&parent=315341"}],"wp:term":[{"taxonomy":"category","embeddable":true,"href":"https:\/\/archive.sana.sy\/es\/index.php?rest_route=%2Fwp%2Fv2%2Fcategories&post=315341"},{"taxonomy":"post_tag","embeddable":true,"href":"https:\/\/archive.sana.sy\/es\/index.php?rest_route=%2Fwp%2Fv2%2Ftags&post=315341"}],"curies":[{"name":"wp","href":"https:\/\/api.w.org\/{rel}","templated":true}]}}