{"id":315344,"date":"2023-11-27T16:05:43","date_gmt":"2023-11-27T13:05:43","guid":{"rendered":"https:\/\/sana.sy\/es\/?p=315344"},"modified":"2023-11-27T16:05:43","modified_gmt":"2023-11-27T13:05:43","slug":"borrell-pide-prolongar-la-tregua-temporal-en-la-franja-de-gaza","status":"publish","type":"post","link":"https:\/\/archive.sana.sy\/es\/?p=315344","title":{"rendered":"Borrell pide prolongar la tregua temporal en la Franja de Gaza"},"content":{"rendered":"<p style=\"text-align: justify;\"><span style=\"color: #800000;\"><strong>\u00a0Barcelona, 27 nov (SANA)<\/strong><\/span>\u00a0 \u00a0El alto representante de la Uni\u00f3n Europea para Asuntos Exteriores y Pol\u00edtica de Seguridad, Josep Borrell, pidi\u00f3 que se prorrogue la tregua temporal en la Franja de Gaza.<\/p>\n<p style=\"text-align: justify;\">&#8220;La tregua es un paso importante y hay que prolongarla para que sea una tregua permanente, lo que permitir\u00eda trabajar en una soluci\u00f3n pol\u00edtica&#8221;, dijo Borrell durante el Foro \u201cUni\u00f3n por el Mediterr\u00e1neo\u201d, en Barcelona.<\/p>\n<p style=\"text-align: justify;\">El 22 de este mes, la resistencia palestina anunci\u00f3 el alcance de un acuerdo de tregua temporal en la Franja de Gaza por un per\u00edodo de cuatro d\u00edas.<\/p>\n<p style=\"text-align: justify;\">ed\/fm<\/p>\n","protected":false},"excerpt":{"rendered":"<p>\u00a0Barcelona, 27 nov (SANA)\u00a0 \u00a0El alto representante de la Uni\u00f3n Europea para Asuntos Exteriores y Pol\u00edtica de Seguridad, Josep Borrell, pidi\u00f3 que se prorrogue la tregua temporal en la Franja de Gaza. &#8220;La tregua es un paso importante y hay que prolongarla para que sea una tregua permanente, lo que permitir\u00eda trabajar en una soluci\u00f3n &hellip;<\/p>\n","protected":false},"author":32,"featured_media":315345,"comment_status":"closed","ping_status":"closed","sticky":false,"template":"","format":"standard","meta":{"footnotes":""},"categories":[597,456,20724,7541],"tags":[],"class_list":["post-315344","post","type-post","status-publish","format-standard","has-post-thumbnail","","category-cinta-de-noticias","category-arabe-internacional-politica","category-minuto-a-minuto","category-ultimas-noticias"],"_links":{"self":[{"href":"https:\/\/archive.sana.sy\/es\/index.php?rest_route=\/wp\/v2\/posts\/315344"}],"collection":[{"href":"https:\/\/archive.sana.sy\/es\/index.php?rest_route=\/wp\/v2\/posts"}],"about":[{"href":"https:\/\/archive.sana.sy\/es\/index.php?rest_route=\/wp\/v2\/types\/post"}],"author":[{"embeddable":true,"href":"https:\/\/archive.sana.sy\/es\/index.php?rest_route=\/wp\/v2\/users\/32"}],"replies":[{"embeddable":true,"href":"https:\/\/archive.sana.sy\/es\/index.php?rest_route=%2Fwp%2Fv2%2Fcomments&post=315344"}],"version-history":[{"count":1,"href":"https:\/\/archive.sana.sy\/es\/index.php?rest_route=\/wp\/v2\/posts\/315344\/revisions"}],"predecessor-version":[{"id":315346,"href":"https:\/\/archive.sana.sy\/es\/index.php?rest_route=\/wp\/v2\/posts\/315344\/revisions\/315346"}],"wp:featuredmedia":[{"embeddable":true,"href":"https:\/\/archive.sana.sy\/es\/index.php?rest_route=\/wp\/v2\/media\/315345"}],"wp:attachment":[{"href":"https:\/\/archive.sana.sy\/es\/index.php?rest_route=%2Fwp%2Fv2%2Fmedia&parent=315344"}],"wp:term":[{"taxonomy":"category","embeddable":true,"href":"https:\/\/archive.sana.sy\/es\/index.php?rest_route=%2Fwp%2Fv2%2Fcategories&post=315344"},{"taxonomy":"post_tag","embeddable":true,"href":"https:\/\/archive.sana.sy\/es\/index.php?rest_route=%2Fwp%2Fv2%2Ftags&post=315344"}],"curies":[{"name":"wp","href":"https:\/\/api.w.org\/{rel}","templated":true}]}}