{"id":315365,"date":"2023-11-27T17:08:18","date_gmt":"2023-11-27T14:08:18","guid":{"rendered":"https:\/\/sana.sy\/es\/?p=315365"},"modified":"2023-11-27T17:52:14","modified_gmt":"2023-11-27T14:52:14","slug":"siria-condena-ataques-israelies-contra-sus-aeropuertos-y-pide-actuacion-de-la-comunidad-internacional","status":"publish","type":"post","link":"https:\/\/archive.sana.sy\/es\/?p=315365","title":{"rendered":"Siria condena ataques israel\u00edes contra sus aeropuertos y pide actuaci\u00f3n de la comunidad internacional"},"content":{"rendered":"<p style=\"text-align: justify;\"><span style=\"color: #800000;\"><strong>Damasco, 27 nov (SANA)\u00a0<\/strong> <\/span>El Ministerio de Asuntos Exteriores y Expatriados de Siria anunci\u00f3 hoy que los repetidos ataques israel\u00edes contra aeropuertos civiles sirios constituyen una amenaza a la paz y la seguridad en la regi\u00f3n y el mundo, y pidi\u00f3 a las Naciones Unidas y al Consejo de Seguridad que asuman sus responsabilidades y frenen estas flagrantes agresiones.<\/p>\n<p style=\"text-align: justify;\">En un comunicado, la Canciller\u00eda explic\u00f3 que las fuerzas de ocupaci\u00f3n israel\u00edes lanzaron la v\u00edspera una agresi\u00f3n con misiles contra el Aeropuerto Internacional de Damasco, lo que provoc\u00f3 su salida de servicio, s\u00f3lo pocas horas despu\u00e9s de que reanudara sus operaciones de tr\u00e1fico a\u00e9reo.<\/p>\n<p style=\"text-align: justify;\">Aclar\u00f3 que este ataque perturb\u00f3 el trabajo humanitario de las Naciones Unidas al detener por completo los servicios a\u00e9reos humanitarios en el pa\u00eds.<\/p>\n<p style=\"text-align: justify;\">El Ministerio a\u00f1adi\u00f3 que \u201cesta cobarde acci\u00f3n, que tuvo como objetivo una instalaci\u00f3n civil siria cuyo objetivo principal es prestar servicios a ciudadanos cuyas circunstancias les obligan, como es el caso en todas partes del mundo, a viajar fuera de sus pa\u00edses, se perpetr\u00f3 varias veces durante los dos \u00faltimos meses y va en el contexto de la brutal agresi\u00f3n contra la Franja de Gaza\u201d.<\/p>\n<p style=\"text-align: justify;\">\u201cEs un crimen de guerra y de lesa humanidad. Adem\u00e1s, estos repetidos ataques a aeropuertos civiles sirios constituyen una amenaza a la paz y seguridad en la regi\u00f3n y el mundo, y una violaci\u00f3n flagrante del Acuerdo de Separaci\u00f3n de Fuerzas de 1974 entre Siria e \u201cIsrael\u201d y de las resoluciones del Consejo de Seguridad n\u00fameros 242, 338 y 497\u201d, indic\u00f3 el texto de la nota.<\/p>\n<p style=\"text-align: justify;\">La Canciller\u00eda inst\u00f3 a las Naciones Unidas, al Consejo de Seguridad y a sus dem\u00e1s \u00f3rganos competentes, que asuman sus responsabilidades de condenar y detener estos ataques, garantizar que no se repitan y frenar la maquinaria agresiva y asesina de \u201cIsrael\u201d.<\/p>\n<p style=\"text-align: justify;\">Destac\u00f3 la necesidad de implementar las resoluciones de la ONU para garantizar el fin de la ocupaci\u00f3n y el cese de los cr\u00edmenes de \u201cIsrael\u201d contra la poblaci\u00f3n en los territorios ocupados en Palestina, el Gol\u00e1n sirio y el sur del L\u00edbano.<\/p>\n<p style=\"text-align: justify;\">\u201cSiria advierte a la entidad israel\u00ed de las consecuencias de estos ataques contra Siria, Palestina y el sur del L\u00edbano, y pagar\u00e1 el precio por su necedad e imprudencia\u201d, concluy\u00f3 el Ministerio su declaraci\u00f3n.<\/p>\n<p style=\"text-align: justify;\">fm\/sm<\/p>\n<p style=\"text-align: justify;\">\n","protected":false},"excerpt":{"rendered":"<p>Damasco, 27 nov (SANA)\u00a0 El Ministerio de Asuntos Exteriores y Expatriados de Siria anunci\u00f3 hoy que los repetidos ataques israel\u00edes contra aeropuertos civiles sirios constituyen una amenaza a la paz y la seguridad en la regi\u00f3n y el mundo, y pidi\u00f3 a las Naciones Unidas y al Consejo de Seguridad que asuman sus responsabilidades y &hellip;<\/p>\n","protected":false},"author":39,"featured_media":315368,"comment_status":"closed","ping_status":"closed","sticky":false,"template":"","format":"standard","meta":{"footnotes":""},"categories":[477,597,573,20724,476,583],"tags":[],"class_list":["post-315365","post","type-post","status-publish","format-standard","has-post-thumbnail","","category-noticias-edulcorantes","category-cinta-de-noticias","category-la-realidad-de-los-acontecimientos-en-siria","category-minuto-a-minuto","category-locales","category-slide"],"_links":{"self":[{"href":"https:\/\/archive.sana.sy\/es\/index.php?rest_route=\/wp\/v2\/posts\/315365"}],"collection":[{"href":"https:\/\/archive.sana.sy\/es\/index.php?rest_route=\/wp\/v2\/posts"}],"about":[{"href":"https:\/\/archive.sana.sy\/es\/index.php?rest_route=\/wp\/v2\/types\/post"}],"author":[{"embeddable":true,"href":"https:\/\/archive.sana.sy\/es\/index.php?rest_route=\/wp\/v2\/users\/39"}],"replies":[{"embeddable":true,"href":"https:\/\/archive.sana.sy\/es\/index.php?rest_route=%2Fwp%2Fv2%2Fcomments&post=315365"}],"version-history":[{"count":1,"href":"https:\/\/archive.sana.sy\/es\/index.php?rest_route=\/wp\/v2\/posts\/315365\/revisions"}],"predecessor-version":[{"id":315367,"href":"https:\/\/archive.sana.sy\/es\/index.php?rest_route=\/wp\/v2\/posts\/315365\/revisions\/315367"}],"wp:featuredmedia":[{"embeddable":true,"href":"https:\/\/archive.sana.sy\/es\/index.php?rest_route=\/wp\/v2\/media\/315368"}],"wp:attachment":[{"href":"https:\/\/archive.sana.sy\/es\/index.php?rest_route=%2Fwp%2Fv2%2Fmedia&parent=315365"}],"wp:term":[{"taxonomy":"category","embeddable":true,"href":"https:\/\/archive.sana.sy\/es\/index.php?rest_route=%2Fwp%2Fv2%2Fcategories&post=315365"},{"taxonomy":"post_tag","embeddable":true,"href":"https:\/\/archive.sana.sy\/es\/index.php?rest_route=%2Fwp%2Fv2%2Ftags&post=315365"}],"curies":[{"name":"wp","href":"https:\/\/api.w.org\/{rel}","templated":true}]}}