{"id":315369,"date":"2023-11-27T17:59:25","date_gmt":"2023-11-27T14:59:25","guid":{"rendered":"https:\/\/sana.sy\/es\/?p=315369"},"modified":"2023-11-27T17:59:47","modified_gmt":"2023-11-27T14:59:47","slug":"cuba-y-venezuela-condenan-ataques-israelies-contra-siria","status":"publish","type":"post","link":"https:\/\/archive.sana.sy\/es\/?p=315369","title":{"rendered":"Cuba y Venezuela condenan ataques israel\u00edes contra Siria"},"content":{"rendered":"<p style=\"text-align: justify;\"><span style=\"color: #800000;\"><strong>La Habana &#8211; Caracas, 27 nov (SANA)<\/strong><\/span>\u00a0 El ministro cubano de Relaciones Exteriores, Bruno Rodr\u00edguez Parilla, manifest\u00f3 hoy la condena en\u00e9rgica de su pa\u00eds a los recurrentes bombardeos llevados a cabo por \u201cIsrael\u201d contra Siria, en particular contra el aeropuerto de Damasco.<\/p>\n<p style=\"text-align: justify;\">Consider\u00f3 que estos ataques constituyen una flagrante violaci\u00f3n del Derecho Internacional y de la soberan\u00eda de Siria.<\/p>\n<p style=\"text-align: justify;\">La impunidad con la que act\u00faa Israel debe cesar, escribi\u00f3 el jefe de la diplomacia cubana en la plataforma X.<\/p>\n<p style=\"text-align: justify;\">Por su parte, el gobierno de la Rep\u00fablica Bolivariana de Venezuela conden\u00f3 en\u00e9rgicamente el ataque con misiles perpetrado contra el Aeropuerto Internacional de Damasco, en horas de la tarde del d\u00eda 26 de este mes de noviembre, y que caus\u00f3 graves da\u00f1os materiales, dej\u00e1ndolo fuera de servicio.<\/p>\n<p style=\"text-align: justify;\">\u201cEsta nueva agresi\u00f3n por parte de \u201cIsrael\u201d, generadora de la tensi\u00f3n pol\u00edtica y militar en el Oriente Medio, en el marco de las hostilidades y cr\u00edmenes de guerra desatada contra el pueblo palestino, se define como una evidente violaci\u00f3n flagrante al Derecho Internacional Humanitario, que ha dejado miles de m\u00e1rtires, m\u00faltiples heridos y la destrucci\u00f3n de comunidades enteras\u201d, indic\u00f3 un comunicado emitido por la Canciller\u00eda de esta naci\u00f3n sudamericana.<\/p>\n<p style=\"text-align: justify;\">La declaraci\u00f3n indic\u00f3 que el Gobierno bolivariano reitera que la diplomacia de paz es el \u00fanico camino y destino de la humanidad, en aras de alcanzar la necesaria unidad de la comunidad internacional en la lucha contra toda forma de violencia, de conformidad con los principios y prop\u00f3sito de la Carta de las Naciones Unidas y otras obligaciones previstas en el derecho internacional.<\/p>\n<p style=\"text-align: justify;\">Ya suman 43 los ataques de Israel contra territorio sirio este a\u00f1o. Siria asegura que esas acciones provocan v\u00edctimas en la poblaci\u00f3n civil, pretenden prolongar la guerra, mantener inestable a esta naci\u00f3n y debilitar su Ej\u00e9rcito.<\/p>\n<p style=\"text-align: justify;\">El Ministerio de Asuntos Exteriores inst\u00f3 al Consejo de Seguridad de las Naciones Unidas a cumplir sus responsabilidades y poner fin a esas agresiones israel\u00edes.<\/p>\n<p style=\"text-align: justify;\">fm\/sm<\/p>\n","protected":false},"excerpt":{"rendered":"<p>La Habana &#8211; Caracas, 27 nov (SANA)\u00a0 El ministro cubano de Relaciones Exteriores, Bruno Rodr\u00edguez Parilla, manifest\u00f3 hoy la condena en\u00e9rgica de su pa\u00eds a los recurrentes bombardeos llevados a cabo por \u201cIsrael\u201d contra Siria, en particular contra el aeropuerto de Damasco. Consider\u00f3 que estos ataques constituyen una flagrante violaci\u00f3n del Derecho Internacional y de &hellip;<\/p>\n","protected":false},"author":39,"featured_media":315370,"comment_status":"closed","ping_status":"closed","sticky":false,"template":"","format":"standard","meta":{"footnotes":""},"categories":[477,597,456,16687,573,20724,467,583],"tags":[],"class_list":["post-315369","post","type-post","status-publish","format-standard","has-post-thumbnail","","category-noticias-edulcorantes","category-cinta-de-noticias","category-arabe-internacional-politica","category-internacionales","category-la-realidad-de-los-acontecimientos-en-siria","category-minuto-a-minuto","category-siria-y-el-mundo","category-slide"],"_links":{"self":[{"href":"https:\/\/archive.sana.sy\/es\/index.php?rest_route=\/wp\/v2\/posts\/315369"}],"collection":[{"href":"https:\/\/archive.sana.sy\/es\/index.php?rest_route=\/wp\/v2\/posts"}],"about":[{"href":"https:\/\/archive.sana.sy\/es\/index.php?rest_route=\/wp\/v2\/types\/post"}],"author":[{"embeddable":true,"href":"https:\/\/archive.sana.sy\/es\/index.php?rest_route=\/wp\/v2\/users\/39"}],"replies":[{"embeddable":true,"href":"https:\/\/archive.sana.sy\/es\/index.php?rest_route=%2Fwp%2Fv2%2Fcomments&post=315369"}],"version-history":[{"count":1,"href":"https:\/\/archive.sana.sy\/es\/index.php?rest_route=\/wp\/v2\/posts\/315369\/revisions"}],"predecessor-version":[{"id":315371,"href":"https:\/\/archive.sana.sy\/es\/index.php?rest_route=\/wp\/v2\/posts\/315369\/revisions\/315371"}],"wp:featuredmedia":[{"embeddable":true,"href":"https:\/\/archive.sana.sy\/es\/index.php?rest_route=\/wp\/v2\/media\/315370"}],"wp:attachment":[{"href":"https:\/\/archive.sana.sy\/es\/index.php?rest_route=%2Fwp%2Fv2%2Fmedia&parent=315369"}],"wp:term":[{"taxonomy":"category","embeddable":true,"href":"https:\/\/archive.sana.sy\/es\/index.php?rest_route=%2Fwp%2Fv2%2Fcategories&post=315369"},{"taxonomy":"post_tag","embeddable":true,"href":"https:\/\/archive.sana.sy\/es\/index.php?rest_route=%2Fwp%2Fv2%2Ftags&post=315369"}],"curies":[{"name":"wp","href":"https:\/\/api.w.org\/{rel}","templated":true}]}}