{"id":315437,"date":"2023-11-28T15:42:44","date_gmt":"2023-11-28T12:42:44","guid":{"rendered":"https:\/\/sana.sy\/es\/?p=315437"},"modified":"2023-11-28T15:42:44","modified_gmt":"2023-11-28T12:42:44","slug":"armas-sensibles-fueron-robadas-de-bases-de-eeuu-en-siria-e-iraq-informa-el-portal-the-intercept","status":"publish","type":"post","link":"https:\/\/archive.sana.sy\/es\/?p=315437","title":{"rendered":"Armas sensibles fueron robadas de bases de EEUU en Siria e Iraq, informa el portal The Intercept"},"content":{"rendered":"<p style=\"text-align: justify;\"><span style=\"color: #800000;\"><strong>Washington, 28 nov (SANA)<\/strong> <\/span>The Intercept revel\u00f3 que m\u00faltiples armas sensibles y equipos b\u00e9licos fueron robados de instalaciones militares de EEUU en Siria e Iraq.<\/p>\n<p style=\"text-align: justify;\">El portal tuvo acceso a documentos exclusivos que confirman que el equipo robado en Irak incluye sistemas de lanzamiento de misiles guiados y drones.<\/p>\n<p style=\"text-align: justify;\">Se\u00f1al\u00f3 que en febrero paasado, 13 drones valorados en 162.500 d\u00f3lares fueron robados de una base de EEUU en la ciudad iraqu\u00ed de Erbil.<\/p>\n<p style=\"text-align: justify;\">Asimismo, equipos militares, que incluyen lanzadores de misiles Javelin, fueron robadas en el interior o en su camino a la base militar en Bagdad, por valor de casi 480.000 d\u00f3lares.<\/p>\n<p style=\"text-align: justify;\">El medio indica que se desconoce el n\u00famero exacto de robos en Iraq y Siria, y agrega que quiz\u00e1s tampoco el Pent\u00e1gono tiene datos al respecto.<\/p>\n<p style=\"text-align: justify;\">fm\/as<\/p>\n","protected":false},"excerpt":{"rendered":"<p>Washington, 28 nov (SANA) The Intercept revel\u00f3 que m\u00faltiples armas sensibles y equipos b\u00e9licos fueron robados de instalaciones militares de EEUU en Siria e Iraq. El portal tuvo acceso a documentos exclusivos que confirman que el equipo robado en Irak incluye sistemas de lanzamiento de misiles guiados y drones. Se\u00f1al\u00f3 que en febrero paasado, 13 &hellip;<\/p>\n","protected":false},"author":42,"featured_media":315438,"comment_status":"closed","ping_status":"closed","sticky":false,"template":"","format":"standard","meta":{"footnotes":""},"categories":[597,456,16687,20724,7541],"tags":[],"class_list":["post-315437","post","type-post","status-publish","format-standard","has-post-thumbnail","","category-cinta-de-noticias","category-arabe-internacional-politica","category-internacionales","category-minuto-a-minuto","category-ultimas-noticias"],"_links":{"self":[{"href":"https:\/\/archive.sana.sy\/es\/index.php?rest_route=\/wp\/v2\/posts\/315437"}],"collection":[{"href":"https:\/\/archive.sana.sy\/es\/index.php?rest_route=\/wp\/v2\/posts"}],"about":[{"href":"https:\/\/archive.sana.sy\/es\/index.php?rest_route=\/wp\/v2\/types\/post"}],"author":[{"embeddable":true,"href":"https:\/\/archive.sana.sy\/es\/index.php?rest_route=\/wp\/v2\/users\/42"}],"replies":[{"embeddable":true,"href":"https:\/\/archive.sana.sy\/es\/index.php?rest_route=%2Fwp%2Fv2%2Fcomments&post=315437"}],"version-history":[{"count":1,"href":"https:\/\/archive.sana.sy\/es\/index.php?rest_route=\/wp\/v2\/posts\/315437\/revisions"}],"predecessor-version":[{"id":315439,"href":"https:\/\/archive.sana.sy\/es\/index.php?rest_route=\/wp\/v2\/posts\/315437\/revisions\/315439"}],"wp:featuredmedia":[{"embeddable":true,"href":"https:\/\/archive.sana.sy\/es\/index.php?rest_route=\/wp\/v2\/media\/315438"}],"wp:attachment":[{"href":"https:\/\/archive.sana.sy\/es\/index.php?rest_route=%2Fwp%2Fv2%2Fmedia&parent=315437"}],"wp:term":[{"taxonomy":"category","embeddable":true,"href":"https:\/\/archive.sana.sy\/es\/index.php?rest_route=%2Fwp%2Fv2%2Fcategories&post=315437"},{"taxonomy":"post_tag","embeddable":true,"href":"https:\/\/archive.sana.sy\/es\/index.php?rest_route=%2Fwp%2Fv2%2Ftags&post=315437"}],"curies":[{"name":"wp","href":"https:\/\/api.w.org\/{rel}","templated":true}]}}