{"id":315573,"date":"2023-11-30T09:23:53","date_gmt":"2023-11-30T06:23:53","guid":{"rendered":"https:\/\/sana.sy\/es\/?p=315573"},"modified":"2023-11-30T09:23:53","modified_gmt":"2023-11-30T06:23:53","slug":"70-periodistas-palestinos-fueron-asesinados-por-israel-en-menos-de-dos-meses","status":"publish","type":"post","link":"https:\/\/archive.sana.sy\/es\/?p=315573","title":{"rendered":"70 periodistas palestinos fueron asesinados por &#8220;Israel&#8221; en menos de dos meses"},"content":{"rendered":"<p style=\"text-align: justify;\"><span style=\"color: #800000;\"><strong>Jerusal\u00e9n, 30 nov (SANA)<\/strong> <\/span>El Sindicato de Periodistas Palestinos denunci\u00f3 que desde el comienzo de la agresi\u00f3n israel\u00ed el 7 de octubre \u00faltimo fueron asesinados 70 comunicadores de sus integrantes.<\/p>\n<p>A trav\u00e9s de un comunicado por el D\u00eda Internacional de Solidaridad con el Pueblo Palestino, la organizaci\u00f3n indic\u00f3 que tambi\u00e9n hasta la fecha dos periodistas fueron reportados como desaparecidos y otros 28 se encuentran detenidos.<\/p>\n<p style=\"text-align: justify;\">Tambi\u00e9n, document\u00f3 durante los 50 d\u00edas de agresi\u00f3n del r\u00e9gimen sionista contra la Franja de Gaza alrededor de 350 delitos contra profesionales de la prensa, lo que denota la vulneraci\u00f3n de sus derechos.<\/p>\n<p style=\"text-align: justify;\">Seg\u00fan la organizaci\u00f3n Comit\u00e9 de Libertades, el Ej\u00e9rcito de Israel lanz\u00f3 recientemente ataques contra medio centenar de sedes de instituciones del sector.<\/p>\n<p style=\"text-align: justify;\">fm\/as<\/p>\n","protected":false},"excerpt":{"rendered":"<p>Jerusal\u00e9n, 30 nov (SANA) El Sindicato de Periodistas Palestinos denunci\u00f3 que desde el comienzo de la agresi\u00f3n israel\u00ed el 7 de octubre \u00faltimo fueron asesinados 70 comunicadores de sus integrantes. A trav\u00e9s de un comunicado por el D\u00eda Internacional de Solidaridad con el Pueblo Palestino, la organizaci\u00f3n indic\u00f3 que tambi\u00e9n hasta la fecha dos periodistas &hellip;<\/p>\n","protected":false},"author":42,"featured_media":315574,"comment_status":"closed","ping_status":"closed","sticky":false,"template":"","format":"standard","meta":{"footnotes":""},"categories":[597,456,16687,20724,7541],"tags":[],"class_list":["post-315573","post","type-post","status-publish","format-standard","has-post-thumbnail","","category-cinta-de-noticias","category-arabe-internacional-politica","category-internacionales","category-minuto-a-minuto","category-ultimas-noticias"],"_links":{"self":[{"href":"https:\/\/archive.sana.sy\/es\/index.php?rest_route=\/wp\/v2\/posts\/315573"}],"collection":[{"href":"https:\/\/archive.sana.sy\/es\/index.php?rest_route=\/wp\/v2\/posts"}],"about":[{"href":"https:\/\/archive.sana.sy\/es\/index.php?rest_route=\/wp\/v2\/types\/post"}],"author":[{"embeddable":true,"href":"https:\/\/archive.sana.sy\/es\/index.php?rest_route=\/wp\/v2\/users\/42"}],"replies":[{"embeddable":true,"href":"https:\/\/archive.sana.sy\/es\/index.php?rest_route=%2Fwp%2Fv2%2Fcomments&post=315573"}],"version-history":[{"count":1,"href":"https:\/\/archive.sana.sy\/es\/index.php?rest_route=\/wp\/v2\/posts\/315573\/revisions"}],"predecessor-version":[{"id":315575,"href":"https:\/\/archive.sana.sy\/es\/index.php?rest_route=\/wp\/v2\/posts\/315573\/revisions\/315575"}],"wp:featuredmedia":[{"embeddable":true,"href":"https:\/\/archive.sana.sy\/es\/index.php?rest_route=\/wp\/v2\/media\/315574"}],"wp:attachment":[{"href":"https:\/\/archive.sana.sy\/es\/index.php?rest_route=%2Fwp%2Fv2%2Fmedia&parent=315573"}],"wp:term":[{"taxonomy":"category","embeddable":true,"href":"https:\/\/archive.sana.sy\/es\/index.php?rest_route=%2Fwp%2Fv2%2Fcategories&post=315573"},{"taxonomy":"post_tag","embeddable":true,"href":"https:\/\/archive.sana.sy\/es\/index.php?rest_route=%2Fwp%2Fv2%2Ftags&post=315573"}],"curies":[{"name":"wp","href":"https:\/\/api.w.org\/{rel}","templated":true}]}}