{"id":315625,"date":"2023-11-30T12:50:44","date_gmt":"2023-11-30T09:50:44","guid":{"rendered":"https:\/\/sana.sy\/es\/?p=315625"},"modified":"2023-11-30T12:51:09","modified_gmt":"2023-11-30T09:51:09","slug":"nebenzia-alerta-de-nueva-agresion-israeli-contra-gaza-y-pide-a-la-onu-prevenirla","status":"publish","type":"post","link":"https:\/\/archive.sana.sy\/es\/?p=315625","title":{"rendered":"Nebenzia alerta de nueva agresi\u00f3n israel\u00ed contra Gaza y pide a la ONU prevenirla"},"content":{"rendered":"<p style=\"text-align: justify;\"><strong><span style=\"color: #800000;\">Nueva York, 29 nov (SANA)<\/span> <\/strong>El representante permanente de Rusia ante las Naciones Unidas, Vasili Nebenzia, advirti\u00f3 de una nueva agresi\u00f3n israel\u00ed contra la Franja de Gaza, y exigi\u00f3 al Consejo de Seguridad de la ONU que tome medidas decisivas para prevenirla.<\/p>\n<p style=\"text-align: justify;\">&#8220;Israel\u201d aprovech\u00f3 la divisi\u00f3n en el Consejo de Seguridad con el apoyo de Washington para continuar una guerra de limpieza \u00e9tnica en Gaza\u201d, dijo Nebenzia durante una reuni\u00f3n del Consejo de Seguridad.<\/p>\n<p style=\"text-align: justify;\">Se\u00f1al\u00f3 que los miembros del Consejo no han reaccionado sobre la destrucci\u00f3n de edificios y el asesinato de miles de ni\u00f1os en Gaza.<\/p>\n<p style=\"text-align: justify;\">El diplom\u00e1tico ruso agreg\u00f3 que la crisis en Oriente Medio no tiene precedentes, y pidi\u00f3 al Secretario General de las Naciones Unidas, Antonio Guterres, ampliar la misi\u00f3n de mantenimiento de la paz para observar la tregua temporal en la asediada Franja de Gaza o proponer una alternativa a ello.<\/p>\n<p style=\"text-align: justify;\">Nebenzia afirm\u00f3 que su pa\u00eds est\u00e1 trabajando por una soluci\u00f3n a largo plazo a la cuesti\u00f3n palestina.<\/p>\n<p style=\"text-align: justify;\">lo\/fm<\/p>\n","protected":false},"excerpt":{"rendered":"<p>Nueva York, 29 nov (SANA) El representante permanente de Rusia ante las Naciones Unidas, Vasili Nebenzia, advirti\u00f3 de una nueva agresi\u00f3n israel\u00ed contra la Franja de Gaza, y exigi\u00f3 al Consejo de Seguridad de la ONU que tome medidas decisivas para prevenirla. &#8220;Israel\u201d aprovech\u00f3 la divisi\u00f3n en el Consejo de Seguridad con el apoyo de &hellip;<\/p>\n","protected":false},"author":34,"featured_media":315628,"comment_status":"closed","ping_status":"closed","sticky":false,"template":"","format":"standard","meta":{"footnotes":""},"categories":[597,456,16687,20724,7541],"tags":[],"class_list":["post-315625","post","type-post","status-publish","format-standard","has-post-thumbnail","","category-cinta-de-noticias","category-arabe-internacional-politica","category-internacionales","category-minuto-a-minuto","category-ultimas-noticias"],"_links":{"self":[{"href":"https:\/\/archive.sana.sy\/es\/index.php?rest_route=\/wp\/v2\/posts\/315625"}],"collection":[{"href":"https:\/\/archive.sana.sy\/es\/index.php?rest_route=\/wp\/v2\/posts"}],"about":[{"href":"https:\/\/archive.sana.sy\/es\/index.php?rest_route=\/wp\/v2\/types\/post"}],"author":[{"embeddable":true,"href":"https:\/\/archive.sana.sy\/es\/index.php?rest_route=\/wp\/v2\/users\/34"}],"replies":[{"embeddable":true,"href":"https:\/\/archive.sana.sy\/es\/index.php?rest_route=%2Fwp%2Fv2%2Fcomments&post=315625"}],"version-history":[{"count":2,"href":"https:\/\/archive.sana.sy\/es\/index.php?rest_route=\/wp\/v2\/posts\/315625\/revisions"}],"predecessor-version":[{"id":315630,"href":"https:\/\/archive.sana.sy\/es\/index.php?rest_route=\/wp\/v2\/posts\/315625\/revisions\/315630"}],"wp:featuredmedia":[{"embeddable":true,"href":"https:\/\/archive.sana.sy\/es\/index.php?rest_route=\/wp\/v2\/media\/315628"}],"wp:attachment":[{"href":"https:\/\/archive.sana.sy\/es\/index.php?rest_route=%2Fwp%2Fv2%2Fmedia&parent=315625"}],"wp:term":[{"taxonomy":"category","embeddable":true,"href":"https:\/\/archive.sana.sy\/es\/index.php?rest_route=%2Fwp%2Fv2%2Fcategories&post=315625"},{"taxonomy":"post_tag","embeddable":true,"href":"https:\/\/archive.sana.sy\/es\/index.php?rest_route=%2Fwp%2Fv2%2Ftags&post=315625"}],"curies":[{"name":"wp","href":"https:\/\/api.w.org\/{rel}","templated":true}]}}