{"id":31563,"date":"2015-10-14T17:39:40","date_gmt":"2015-10-14T14:39:40","guid":{"rendered":"http:\/\/sana.sy\/es\/?p=31563"},"modified":"2015-10-15T21:29:42","modified_gmt":"2015-10-15T18:29:42","slug":"al-moallem-y-al-laham-se-reunen-con-el-presidente-de-la-comision-de-seguridad-nacional-y-politica-exterior-en-la-shura-irani","status":"publish","type":"post","link":"https:\/\/archive.sana.sy\/es\/?p=31563","title":{"rendered":"Al-Moallem y al-Laham se re\u00fanen con el presidente de la Comisi\u00f3n de Seguridad Nacional y Pol\u00edtica Exterior en la Shura iran\u00ed"},"content":{"rendered":"<p><span style=\"color: #800000\">Damasco, SANA<\/span><\/p>\n<p>El Viceprimer Ministro y ministro de Exteriores y Expatriados, Walid al-Moallem, recibi\u00f3 este mi\u00e9rcoles a Alaeddin Boroujerdi, Presidente de la Comisi\u00f3n de Seguridad Nacional y Pol\u00edtica Exterior en el Consejo de la Shura iran\u00ed.<\/p>\n<p>Durante la reuni\u00f3n, se discutieron los acontecimientos en Siria y la regi\u00f3n, y la importancia de fortalecer las relaciones bilaterales y la continuaci\u00f3n de la cooperaci\u00f3n en los diversos \u00e1mbitos, en particular en el campo de la lucha contra el terrorismo.<\/p>\n<p>Al-Moallem acogi\u00f3 bien todos los esfuerzos sinceros en la lucha antiterrorista, encabezados por los esfuerzos rusos, para derrotar el terrorismo en Siria y crear condiciones favorables para el \u00e9xito de la soluci\u00f3n pol\u00edtica.<\/p>\n<p>El canciller sirio explic\u00f3 las razones de la rabiosa campa\u00f1a lanzada por los pa\u00edses que conspiraron contra Siria despu\u00e9s de las recientes victorias del Ej\u00e9rcito sirio en cooperaci\u00f3n con los amigos de Rusia y la resistencia libanesa y gracias al apoyo iran\u00ed.<\/p>\n<p>Por lo tanto, precis\u00f3 que la situaci\u00f3n est\u00e1 mejorando y Siria triunfar\u00e1 inevitablemente gracias a la existencia de amigos verdaderos que apoyan su defensa por su pueblo y por su soberan\u00eda e integridad territorial.<\/p>\n<p>El jefe de la diplomacia siria indic\u00f3 que las ideas planteadas por la Rep\u00fablica Isl\u00e1mica de Ir\u00e1n son muy apreciadas y de mucho inter\u00e9s para el gobierno sirio en el contexto de la lucha contra el terrorismo y la soluci\u00f3n pol\u00edtica a la crisis en Siria.<\/p>\n<p>Por su parte, Boroujerdi se\u00f1al\u00f3 que su pa\u00eds nota una mejora continua en Siria como consecuencia de la firmeza del pueblo, resaltando que Teher\u00e1n seguir\u00e1 apoyando a Siria en todos los campos.<\/p>\n<p><span style=\"color: #0000ff\">Presidente de la Asamblea del Pueblo se re\u00fane con Brouyerdi<\/span><\/p>\n<p>El presidente de la Asamblea del Pueblo, Mohammed Jihad al-Laham, se reuni\u00f3 este mi\u00e9rcoles con el presidente de la Comisi\u00f3n de Seguridad Nacional y Pol\u00edtica Exterior del Consejo de la Shura iran\u00ed, Alaaddin Brouyerdi.<\/p>\n<p><img loading=\"lazy\" decoding=\"async\" class=\"aligncenter size-medium wp-image-31583\" src=\"http:\/\/sana.sy\/es\/wp-content\/uploads\/2015\/10\/laham-Brouyerdi-300x192.jpg\" alt=\"laham-Brouyerdi\" width=\"300\" height=\"192\" srcset=\"https:\/\/archive.sana.sy\/es\/wp-content\/uploads\/2015\/10\/laham-Brouyerdi-300x192.jpg 300w, https:\/\/archive.sana.sy\/es\/wp-content\/uploads\/2015\/10\/laham-Brouyerdi-150x96.jpg 150w, https:\/\/archive.sana.sy\/es\/wp-content\/uploads\/2015\/10\/laham-Brouyerdi-1024x656.jpg 1024w\" sizes=\"(max-width: 300px) 100vw, 300px\" \/><\/p>\n<p>Durante una reuni\u00f3n al-Laham subray\u00f3 que la cooperaci\u00f3n ruso-iraqu\u00ed-iran\u00ed-siria fue el resultado del fracaso de la coalici\u00f3n liderada por los Estados Unidos para combatir a la organizaci\u00f3n terrorista del EI.<\/p>\n<p>Al-Laham se\u00f1al\u00f3 que las relaciones sirio-iran\u00edes consisten un factor de estabilidad y seguridad en la regi\u00f3n.<\/p>\n<p>Asimismo resalt\u00f3 que las operaciones \u00e1reas rusas contra el terrorismo en Siria, en cooperaci\u00f3n con el ej\u00e9rcito sirio y las fuerzas de la resistencia han desenmascarado la falsedad de la Coalici\u00f3n occidental, orquestada por EEUU, as\u00ed como han corroborado los v\u00ednculos establecidos entre las organizaciones terroristas del Estado Isl\u00e1mico y el Frente de al-Nousra y la administraci\u00f3n norteamericana y los reg\u00edmenes de Arabia Saudita, Qatar y Turqu\u00eda quienes comenzaron a gritar para tergiversar la realidad de la acci\u00f3n antiterrorista rusa.<\/p>\n<p>Al-Laham se\u00f1al\u00f3 que las contradictorias declaraciones occidentales sobre la situaci\u00f3n en Siria, reflejan el estado de preocupaci\u00f3n y fracaso que viven los conspiradores, lo cual \u201cnos da m\u00e1s confianza para seguir en el camino de la lucha hasta conseguir la victoria\u201d, acot\u00f3.<\/p>\n<p>Por su parte, Brouyerdi reiter\u00f3 el apoyo de Ir\u00e1n a Siria en los campos pol\u00edticos, econ\u00f3micos y militares,\u00a0criticando la falta de seriedad de la llamada Coalici\u00f3n Internacional anti EI en sus acciones contra el terrorismo en Siria.<\/p>\n<p>El alto pol\u00edtico iran\u00ed puso de relieve que el acuerdo nuclear alcanzado por Ir\u00e1n y el grupo 5+1 no debilitar\u00e1 la voluntad y determinaci\u00f3n de su pa\u00eds de continuar el apoyo a Siria e Irak y a todas las fuerzas de resistencia en la regi\u00f3n, destacando que el L\u00edder de la Revoluci\u00f3n Iran\u00ed, Assayed Ali Jamen\u00ed enfatiz\u00f3 la necesidad de separar el expediente nuclear iran\u00ed de los dem\u00e1s asuntos de la regi\u00f3n.<\/p>\n<p>En declaraciones a SANA sobre las ideas planteadas por Ir\u00e1n sobre la soluci\u00f3n de la crisis siria, el Presidente del Parlamento iran\u00ed puso especial \u00e9nfasis en que \u201ccualquier decisi\u00f3n a tomar al respecto se basar\u00e1 en la propia decisi\u00f3n siria\u201d.<\/p>\n<p>Brouyerdi dijo que la participaci\u00f3n rusa en la guerra antiterrorista en Siria dar\u00e1 lugar a nuevas evoluciones en todos los \u00e1mbitos. \u201cEsto lo podemos notar mediante el aumento de la nerviosidad de los funcionarios estadounidenses, y las grandes derrotas de las organizaciones terroristas\u201d, dijo.<\/p>\n<p>&nbsp;<\/p>\n<p>Fady M., Lynn A.<\/p>\n","protected":false},"excerpt":{"rendered":"<p>Damasco, SANA El Viceprimer Ministro y ministro de Exteriores y Expatriados, Walid al-Moallem, recibi\u00f3 este mi\u00e9rcoles a Alaeddin Boroujerdi, Presidente de la Comisi\u00f3n de Seguridad Nacional y Pol\u00edtica Exterior en el Consejo de la Shura iran\u00ed. Durante la reuni\u00f3n, se discutieron los acontecimientos en Siria y la regi\u00f3n, y la importancia de fortalecer las relaciones &hellip;<\/p>\n","protected":false},"author":24,"featured_media":31564,"comment_status":"closed","ping_status":"closed","sticky":false,"template":"","format":"standard","meta":{"footnotes":""},"categories":[477,597,476],"tags":[7034],"class_list":["post-31563","post","type-post","status-publish","format-standard","has-post-thumbnail","","category-noticias-edulcorantes","category-cinta-de-noticias","category-locales","tag-al-moallem-y-al-laham-se-reunen-con-el-presidente-de-la-comision-de-seguridad-nacional-y-politica-exterior-en-la-shura-irani"],"_links":{"self":[{"href":"https:\/\/archive.sana.sy\/es\/index.php?rest_route=\/wp\/v2\/posts\/31563"}],"collection":[{"href":"https:\/\/archive.sana.sy\/es\/index.php?rest_route=\/wp\/v2\/posts"}],"about":[{"href":"https:\/\/archive.sana.sy\/es\/index.php?rest_route=\/wp\/v2\/types\/post"}],"author":[{"embeddable":true,"href":"https:\/\/archive.sana.sy\/es\/index.php?rest_route=\/wp\/v2\/users\/24"}],"replies":[{"embeddable":true,"href":"https:\/\/archive.sana.sy\/es\/index.php?rest_route=%2Fwp%2Fv2%2Fcomments&post=31563"}],"version-history":[{"count":0,"href":"https:\/\/archive.sana.sy\/es\/index.php?rest_route=\/wp\/v2\/posts\/31563\/revisions"}],"wp:featuredmedia":[{"embeddable":true,"href":"https:\/\/archive.sana.sy\/es\/index.php?rest_route=\/wp\/v2\/media\/31564"}],"wp:attachment":[{"href":"https:\/\/archive.sana.sy\/es\/index.php?rest_route=%2Fwp%2Fv2%2Fmedia&parent=31563"}],"wp:term":[{"taxonomy":"category","embeddable":true,"href":"https:\/\/archive.sana.sy\/es\/index.php?rest_route=%2Fwp%2Fv2%2Fcategories&post=31563"},{"taxonomy":"post_tag","embeddable":true,"href":"https:\/\/archive.sana.sy\/es\/index.php?rest_route=%2Fwp%2Fv2%2Ftags&post=31563"}],"curies":[{"name":"wp","href":"https:\/\/api.w.org\/{rel}","templated":true}]}}