{"id":315760,"date":"2023-12-02T08:25:55","date_gmt":"2023-12-02T05:25:55","guid":{"rendered":"https:\/\/sana.sy\/es\/?p=315760"},"modified":"2023-12-02T08:25:55","modified_gmt":"2023-12-02T05:25:55","slug":"78-los-periodistas-fueron-asesinados-por-israel-en-menos-de-dos-meses","status":"publish","type":"post","link":"https:\/\/archive.sana.sy\/es\/?p=315760","title":{"rendered":"78 los periodistas fueron asesinados por &#8220;Israel&#8221; en menos de dos meses"},"content":{"rendered":"<p style=\"text-align: justify;\"><span style=\"color: #800000;\"><strong>Jerusal\u00e9n ocupada, 02 dic (SANA) <\/strong><\/span>El fot\u00f3grafo Muntasir Al-Sawwaf se convirti\u00f3 en el periodista n\u00famero 78 asesinado por &#8220;Israel&#8221;, en el contexto del genocidio que perpetra ese Estado sionista contra Palestina.<\/p>\n<p style=\"text-align: justify;\">En un ataque a\u00e9reo al barrio de Al-Daraj, al sur de la ciudad de Gaza, perdieron la vida tambi\u00e9n el hermano de Al-sawwaf y otros miembros de su familia.<\/p>\n<p style=\"text-align: justify;\">Seg\u00fan denuncias, los bombardeos de la artiller\u00eda y la aviaci\u00f3n de las fuerzas de ocupaci\u00f3n sionista se dirigen tambi\u00e9n a las viviendas de los periodistas que informan sobre la situaci\u00f3n all\u00ed, para asesinar a sus familias.<\/p>\n<p style=\"text-align: justify;\"><em><strong>fm\/ah<\/strong><\/em><\/p>\n","protected":false},"excerpt":{"rendered":"<p>Jerusal\u00e9n ocupada, 02 dic (SANA) El fot\u00f3grafo Muntasir Al-Sawwaf se convirti\u00f3 en el periodista n\u00famero 78 asesinado por &#8220;Israel&#8221;, en el contexto del genocidio que perpetra ese Estado sionista contra Palestina. En un ataque a\u00e9reo al barrio de Al-Daraj, al sur de la ciudad de Gaza, perdieron la vida tambi\u00e9n el hermano de Al-sawwaf y &hellip;<\/p>\n","protected":false},"author":30,"featured_media":315761,"comment_status":"closed","ping_status":"closed","sticky":false,"template":"","format":"standard","meta":{"footnotes":""},"categories":[597,456,16687,20724,7541],"tags":[],"class_list":["post-315760","post","type-post","status-publish","format-standard","has-post-thumbnail","","category-cinta-de-noticias","category-arabe-internacional-politica","category-internacionales","category-minuto-a-minuto","category-ultimas-noticias"],"_links":{"self":[{"href":"https:\/\/archive.sana.sy\/es\/index.php?rest_route=\/wp\/v2\/posts\/315760"}],"collection":[{"href":"https:\/\/archive.sana.sy\/es\/index.php?rest_route=\/wp\/v2\/posts"}],"about":[{"href":"https:\/\/archive.sana.sy\/es\/index.php?rest_route=\/wp\/v2\/types\/post"}],"author":[{"embeddable":true,"href":"https:\/\/archive.sana.sy\/es\/index.php?rest_route=\/wp\/v2\/users\/30"}],"replies":[{"embeddable":true,"href":"https:\/\/archive.sana.sy\/es\/index.php?rest_route=%2Fwp%2Fv2%2Fcomments&post=315760"}],"version-history":[{"count":1,"href":"https:\/\/archive.sana.sy\/es\/index.php?rest_route=\/wp\/v2\/posts\/315760\/revisions"}],"predecessor-version":[{"id":315762,"href":"https:\/\/archive.sana.sy\/es\/index.php?rest_route=\/wp\/v2\/posts\/315760\/revisions\/315762"}],"wp:featuredmedia":[{"embeddable":true,"href":"https:\/\/archive.sana.sy\/es\/index.php?rest_route=\/wp\/v2\/media\/315761"}],"wp:attachment":[{"href":"https:\/\/archive.sana.sy\/es\/index.php?rest_route=%2Fwp%2Fv2%2Fmedia&parent=315760"}],"wp:term":[{"taxonomy":"category","embeddable":true,"href":"https:\/\/archive.sana.sy\/es\/index.php?rest_route=%2Fwp%2Fv2%2Fcategories&post=315760"},{"taxonomy":"post_tag","embeddable":true,"href":"https:\/\/archive.sana.sy\/es\/index.php?rest_route=%2Fwp%2Fv2%2Ftags&post=315760"}],"curies":[{"name":"wp","href":"https:\/\/api.w.org\/{rel}","templated":true}]}}