{"id":315763,"date":"2023-12-02T09:48:21","date_gmt":"2023-12-02T06:48:21","guid":{"rendered":"https:\/\/sana.sy\/es\/?p=315763"},"modified":"2023-12-02T09:49:03","modified_gmt":"2023-12-02T06:49:03","slug":"israel-intensifica-sus-bombardeos-por-tierra-mar-y-aire-contra-gaza","status":"publish","type":"post","link":"https:\/\/archive.sana.sy\/es\/?p=315763","title":{"rendered":"&#8220;Israel\u201d intensifica sus bombardeos por tierra, mar y aire contra Gaza"},"content":{"rendered":"<p style=\"text-align: justify;\"><span style=\"color: #800000;\"><strong>Jerusal\u00e9n ocupada, 02 dic (SANA)<\/strong><\/span> Las fuerzas de ocupaci\u00f3n israel\u00edes han continuado su brutal escalada contra Gaza, y bombardearon por tierra, aire y mar diversas \u00e1reas, especialmente Khan Yunis, al sur de este enclave costero.<\/p>\n<p style=\"text-align: justify;\">Medios de prensa palestinos informaron que la aviaci\u00f3n israel\u00ed intensific\u00f3 sus incursiones en las primeras horas del d\u00eda, particularmente contra las zonas orientales de Khan Yunis, que fueron atacadas tambi\u00e9n por la armada y artiller\u00eda israel\u00edes.<\/p>\n<p style=\"text-align: justify;\">Seg\u00fan las fuentes, estos ataques resultaron en la destrucci\u00f3n completa de cuatro viviendas y dos mezquitas.<\/p>\n<p style=\"text-align: justify;\">Por otro lado, la ciudad de Gaza, Jabalia, Beit Lahia y Deir Al-Balah fueron atacadas por las embarcaciones b\u00e9licas y la artiller\u00eda israel\u00ed.<\/p>\n<p style=\"text-align: justify;\">De acuerdo con el Ministerio de Salud palestino, la cifra de muertos s\u00f3lo en el \u00faltimo d\u00eda super\u00f3 los 200 y la de los heridos ascendi\u00f3 a 589, en su mayor\u00eda son mujeres y ni\u00f1os.<\/p>\n<p style=\"text-align: justify;\"><em><strong>ah\/fm<\/strong><\/em><\/p>\n","protected":false},"excerpt":{"rendered":"<p>Jerusal\u00e9n ocupada, 02 dic (SANA) Las fuerzas de ocupaci\u00f3n israel\u00edes han continuado su brutal escalada contra Gaza, y bombardearon por tierra, aire y mar diversas \u00e1reas, especialmente Khan Yunis, al sur de este enclave costero. Medios de prensa palestinos informaron que la aviaci\u00f3n israel\u00ed intensific\u00f3 sus incursiones en las primeras horas del d\u00eda, particularmente contra &hellip;<\/p>\n","protected":false},"author":30,"featured_media":315764,"comment_status":"closed","ping_status":"closed","sticky":false,"template":"","format":"standard","meta":{"footnotes":""},"categories":[597,456,16687,20724,7541],"tags":[],"class_list":["post-315763","post","type-post","status-publish","format-standard","has-post-thumbnail","","category-cinta-de-noticias","category-arabe-internacional-politica","category-internacionales","category-minuto-a-minuto","category-ultimas-noticias"],"_links":{"self":[{"href":"https:\/\/archive.sana.sy\/es\/index.php?rest_route=\/wp\/v2\/posts\/315763"}],"collection":[{"href":"https:\/\/archive.sana.sy\/es\/index.php?rest_route=\/wp\/v2\/posts"}],"about":[{"href":"https:\/\/archive.sana.sy\/es\/index.php?rest_route=\/wp\/v2\/types\/post"}],"author":[{"embeddable":true,"href":"https:\/\/archive.sana.sy\/es\/index.php?rest_route=\/wp\/v2\/users\/30"}],"replies":[{"embeddable":true,"href":"https:\/\/archive.sana.sy\/es\/index.php?rest_route=%2Fwp%2Fv2%2Fcomments&post=315763"}],"version-history":[{"count":2,"href":"https:\/\/archive.sana.sy\/es\/index.php?rest_route=\/wp\/v2\/posts\/315763\/revisions"}],"predecessor-version":[{"id":315767,"href":"https:\/\/archive.sana.sy\/es\/index.php?rest_route=\/wp\/v2\/posts\/315763\/revisions\/315767"}],"wp:featuredmedia":[{"embeddable":true,"href":"https:\/\/archive.sana.sy\/es\/index.php?rest_route=\/wp\/v2\/media\/315764"}],"wp:attachment":[{"href":"https:\/\/archive.sana.sy\/es\/index.php?rest_route=%2Fwp%2Fv2%2Fmedia&parent=315763"}],"wp:term":[{"taxonomy":"category","embeddable":true,"href":"https:\/\/archive.sana.sy\/es\/index.php?rest_route=%2Fwp%2Fv2%2Fcategories&post=315763"},{"taxonomy":"post_tag","embeddable":true,"href":"https:\/\/archive.sana.sy\/es\/index.php?rest_route=%2Fwp%2Fv2%2Ftags&post=315763"}],"curies":[{"name":"wp","href":"https:\/\/api.w.org\/{rel}","templated":true}]}}