{"id":31578,"date":"2015-10-14T16:25:17","date_gmt":"2015-10-14T13:25:17","guid":{"rendered":"http:\/\/sana.sy\/es\/?p=31578"},"modified":"2015-10-14T16:25:17","modified_gmt":"2015-10-14T13:25:17","slug":"al-miqdad-reitera-apoyo-de-siria-a-la-causa-palestina","status":"publish","type":"post","link":"https:\/\/archive.sana.sy\/es\/?p=31578","title":{"rendered":"Al-Miqdad reitera apoyo de Siria a la causa palestina"},"content":{"rendered":"<p><span style=\"color: #800000\">Damasco, SANA<\/span><\/p>\n<p>El vicecanciller, Faisal al-Miqdad reiter\u00f3 el pleno apoyo de Siria tanto al pueblo palestino como a su liderazgo en su lucha para recuperar sus derechos.<\/p>\n<p>Durante una reuni\u00f3n celebrada este mi\u00e9rcoles con el Director del Departamento Pol\u00edtico de la Organizaci\u00f3n de la Liberaci\u00f3n de Palestina, embajador Anwar Abdulhadi, el Vicecanciller sirio subray\u00f3 que la causa palestina sigue encabezando la lista de las prioridades de Siria a pesar de la crisis que vive.<\/p>\n<p>Asimismo expres\u00f3 su esperanza de que Siria salga de su crisis lo antes posible para que pueda reforzar m\u00e1s la resistencia del pueblo palestino contra la ocupaci\u00f3n israel\u00ed.<\/p>\n<p>A su vez, el embajador Abdulhadi puso al Vicecanciller sirio al tanto de los esfuerzos desempe\u00f1ados por el presidente palestino, Mahmoud Abbas para detener el plan israel\u00ed de dividir a al-Qudus, agregando que ya no se puede guardar silencio ante las continuas violaciones israel\u00edes contra los palestinos.<\/p>\n<p>&nbsp;<\/p>\n<p>Lynn A.<\/p>\n","protected":false},"excerpt":{"rendered":"<p>Damasco, SANA El vicecanciller, Faisal al-Miqdad reiter\u00f3 el pleno apoyo de Siria tanto al pueblo palestino como a su liderazgo en su lucha para recuperar sus derechos. Durante una reuni\u00f3n celebrada este mi\u00e9rcoles con el Director del Departamento Pol\u00edtico de la Organizaci\u00f3n de la Liberaci\u00f3n de Palestina, embajador Anwar Abdulhadi, el Vicecanciller sirio subray\u00f3 que &hellip;<\/p>\n","protected":false},"author":24,"featured_media":22604,"comment_status":"closed","ping_status":"closed","sticky":false,"template":"","format":"standard","meta":{"footnotes":""},"categories":[477,597,476,576],"tags":[7036],"class_list":["post-31578","post","type-post","status-publish","format-standard","has-post-thumbnail","","category-noticias-edulcorantes","category-cinta-de-noticias","category-locales","category-noticias-politicas","tag-al-miqdad-reitera-apoyo-de-siria-a-la-causa-palestina"],"_links":{"self":[{"href":"https:\/\/archive.sana.sy\/es\/index.php?rest_route=\/wp\/v2\/posts\/31578"}],"collection":[{"href":"https:\/\/archive.sana.sy\/es\/index.php?rest_route=\/wp\/v2\/posts"}],"about":[{"href":"https:\/\/archive.sana.sy\/es\/index.php?rest_route=\/wp\/v2\/types\/post"}],"author":[{"embeddable":true,"href":"https:\/\/archive.sana.sy\/es\/index.php?rest_route=\/wp\/v2\/users\/24"}],"replies":[{"embeddable":true,"href":"https:\/\/archive.sana.sy\/es\/index.php?rest_route=%2Fwp%2Fv2%2Fcomments&post=31578"}],"version-history":[{"count":0,"href":"https:\/\/archive.sana.sy\/es\/index.php?rest_route=\/wp\/v2\/posts\/31578\/revisions"}],"wp:featuredmedia":[{"embeddable":true,"href":"https:\/\/archive.sana.sy\/es\/index.php?rest_route=\/wp\/v2\/media\/22604"}],"wp:attachment":[{"href":"https:\/\/archive.sana.sy\/es\/index.php?rest_route=%2Fwp%2Fv2%2Fmedia&parent=31578"}],"wp:term":[{"taxonomy":"category","embeddable":true,"href":"https:\/\/archive.sana.sy\/es\/index.php?rest_route=%2Fwp%2Fv2%2Fcategories&post=31578"},{"taxonomy":"post_tag","embeddable":true,"href":"https:\/\/archive.sana.sy\/es\/index.php?rest_route=%2Fwp%2Fv2%2Ftags&post=31578"}],"curies":[{"name":"wp","href":"https:\/\/api.w.org\/{rel}","templated":true}]}}