{"id":315812,"date":"2023-12-02T15:40:46","date_gmt":"2023-12-02T12:40:46","guid":{"rendered":"https:\/\/sana.sy\/es\/?p=315812"},"modified":"2023-12-02T15:40:46","modified_gmt":"2023-12-02T12:40:46","slug":"partido-comunista-eslovaco-manifiesta-solidaridad-con-el-pueblo-palestino","status":"publish","type":"post","link":"https:\/\/archive.sana.sy\/es\/?p=315812","title":{"rendered":"Partido Comunista Eslovaco manifiesta solidaridad con el pueblo palestino"},"content":{"rendered":"<p style=\"text-align: justify;\"><span style=\"color: #800000;\"><strong>Bratislava, 2 dic (SANA)<\/strong><\/span> El Partido Comunista Eslovaco reiter\u00f3 hoy su plena solidaridad con el pueblo palestino en su lucha por la supervivencia, autodeterminaci\u00f3n, soberan\u00eda y el establecimiento de su Estado independiente con Jerusal\u00e9n como capital, as\u00ed como rechaz\u00f3 la ocupaci\u00f3n israel\u00ed y sus pol\u00edticas coloniales.<\/p>\n<p style=\"text-align: justify;\">En un comunicado, el partido consider\u00f3 que lo que est\u00e1 sucediendo actualmente en la Franja de Gaza es s\u00f3lo una parte de un prolongado conflicto desde 1948, y que los territorios palestinos est\u00e1n expuestos a la ocupaci\u00f3n, invasi\u00f3n y las guerras, que llevaron a masacrar a cientos de miles de palestinos, la confiscaci\u00f3n de tierras y el ejercicio del apartheid en su contra\u201d.<\/p>\n<p style=\"text-align: justify;\">Pidi\u00f3 que se reconozca el Estado palestino independiente con Jerusal\u00e9n como su capital, y subray\u00f3 que sin el establecimiento de este Estado, la paz no llegar\u00e1 a esta regi\u00f3n.<\/p>\n<p style=\"text-align: justify;\">fm\/ed<\/p>\n","protected":false},"excerpt":{"rendered":"<p>Bratislava, 2 dic (SANA) El Partido Comunista Eslovaco reiter\u00f3 hoy su plena solidaridad con el pueblo palestino en su lucha por la supervivencia, autodeterminaci\u00f3n, soberan\u00eda y el establecimiento de su Estado independiente con Jerusal\u00e9n como capital, as\u00ed como rechaz\u00f3 la ocupaci\u00f3n israel\u00ed y sus pol\u00edticas coloniales. En un comunicado, el partido consider\u00f3 que lo que &hellip;<\/p>\n","protected":false},"author":32,"featured_media":315814,"comment_status":"closed","ping_status":"closed","sticky":false,"template":"","format":"standard","meta":{"footnotes":""},"categories":[597,456,7541],"tags":[],"class_list":["post-315812","post","type-post","status-publish","format-standard","has-post-thumbnail","","category-cinta-de-noticias","category-arabe-internacional-politica","category-ultimas-noticias"],"_links":{"self":[{"href":"https:\/\/archive.sana.sy\/es\/index.php?rest_route=\/wp\/v2\/posts\/315812"}],"collection":[{"href":"https:\/\/archive.sana.sy\/es\/index.php?rest_route=\/wp\/v2\/posts"}],"about":[{"href":"https:\/\/archive.sana.sy\/es\/index.php?rest_route=\/wp\/v2\/types\/post"}],"author":[{"embeddable":true,"href":"https:\/\/archive.sana.sy\/es\/index.php?rest_route=\/wp\/v2\/users\/32"}],"replies":[{"embeddable":true,"href":"https:\/\/archive.sana.sy\/es\/index.php?rest_route=%2Fwp%2Fv2%2Fcomments&post=315812"}],"version-history":[{"count":1,"href":"https:\/\/archive.sana.sy\/es\/index.php?rest_route=\/wp\/v2\/posts\/315812\/revisions"}],"predecessor-version":[{"id":315815,"href":"https:\/\/archive.sana.sy\/es\/index.php?rest_route=\/wp\/v2\/posts\/315812\/revisions\/315815"}],"wp:featuredmedia":[{"embeddable":true,"href":"https:\/\/archive.sana.sy\/es\/index.php?rest_route=\/wp\/v2\/media\/315814"}],"wp:attachment":[{"href":"https:\/\/archive.sana.sy\/es\/index.php?rest_route=%2Fwp%2Fv2%2Fmedia&parent=315812"}],"wp:term":[{"taxonomy":"category","embeddable":true,"href":"https:\/\/archive.sana.sy\/es\/index.php?rest_route=%2Fwp%2Fv2%2Fcategories&post=315812"},{"taxonomy":"post_tag","embeddable":true,"href":"https:\/\/archive.sana.sy\/es\/index.php?rest_route=%2Fwp%2Fv2%2Ftags&post=315812"}],"curies":[{"name":"wp","href":"https:\/\/api.w.org\/{rel}","templated":true}]}}