{"id":315818,"date":"2023-12-02T16:00:01","date_gmt":"2023-12-02T13:00:01","guid":{"rendered":"https:\/\/sana.sy\/es\/?p=315818"},"modified":"2023-12-02T16:00:01","modified_gmt":"2023-12-02T13:00:01","slug":"primer-ministro-sirio-se-reune-con-su-homologo-paquistani-en-el-marco-de-la-cumbre-cop28","status":"publish","type":"post","link":"https:\/\/archive.sana.sy\/es\/?p=315818","title":{"rendered":"Primer Ministro sirio se re\u00fane con su hom\u00f3logo paquistan\u00ed en el marco de la Cumbre COP28"},"content":{"rendered":"<p style=\"text-align: justify;\"><strong><span style=\"color: #800000;\">Dub\u00e1i, 02 di (SANA)<\/span>\u00a0<\/strong> El jefe del Consejo de Ministros, Hussein Arnous, se reuni\u00f3 hoy con su hom\u00f3logo paquistan\u00ed, Anwarul Haq Kakar, al margen de la Cumbre Mundial sobre Acci\u00f3n Clim\u00e1tica, que se celebr\u00f3 en Dub\u00e1i en el marco de la vig\u00e9sima octava Conferencia de las Partes de la Convenci\u00f3n Marco de las Naciones Unidas sobre el Cambio Clim\u00e1tico (COP28).<\/p>\n<p style=\"text-align: justify;\">Durante el encuentro, Arnous destac\u00f3 la solidez de las relaciones sirio-pakistan\u00edes, y expres\u00f3 su agradecimiento por las posiciones de Pakist\u00e1n en apoyo a Siria y los esfuerzos del gobierno paquistan\u00ed en brindar ayuda humanitaria y de socorro a los afectados por el terremoto que azot\u00f3 Siria en febrero pasado.<\/p>\n<p style=\"text-align: justify;\">Subray\u00f3 la necesidad de reactivar los acuerdos y memorandos de entendimiento firmados entre los dos pa\u00edses y desarrollar las relaciones en todos los campos al servicio de las distinguidas relaciones entre los pueblos sirio y paquistan\u00ed.<\/p>\n<p style=\"text-align: justify;\">Por su parte, el Primer Ministro paquistan\u00ed expres\u00f3 su esperanza de reactivar los acuerdos y eliminar todos los obst\u00e1culos que obstaculizan su aplicaci\u00f3n, en particular en los sectores del turismo religioso y del transporte a\u00e9reo.<\/p>\n<p style=\"text-align: justify;\">Kakar llam\u00f3 a poner fin a la agresi\u00f3n israel\u00ed contra los palestinos, enfatizando la necesidad de aumentar la ayuda humanitaria y entregarla al pueblo de la Franja de Gaza.<\/p>\n<p style=\"text-align: justify;\">ed\/fm<\/p>\n<p style=\"text-align: justify;\">\n","protected":false},"excerpt":{"rendered":"<p>Dub\u00e1i, 02 di (SANA)\u00a0 El jefe del Consejo de Ministros, Hussein Arnous, se reuni\u00f3 hoy con su hom\u00f3logo paquistan\u00ed, Anwarul Haq Kakar, al margen de la Cumbre Mundial sobre Acci\u00f3n Clim\u00e1tica, que se celebr\u00f3 en Dub\u00e1i en el marco de la vig\u00e9sima octava Conferencia de las Partes de la Convenci\u00f3n Marco de las Naciones Unidas &hellip;<\/p>\n","protected":false},"author":32,"featured_media":315819,"comment_status":"closed","ping_status":"closed","sticky":false,"template":"","format":"standard","meta":{"footnotes":""},"categories":[597,467,7541],"tags":[],"class_list":["post-315818","post","type-post","status-publish","format-standard","has-post-thumbnail","","category-cinta-de-noticias","category-siria-y-el-mundo","category-ultimas-noticias"],"_links":{"self":[{"href":"https:\/\/archive.sana.sy\/es\/index.php?rest_route=\/wp\/v2\/posts\/315818"}],"collection":[{"href":"https:\/\/archive.sana.sy\/es\/index.php?rest_route=\/wp\/v2\/posts"}],"about":[{"href":"https:\/\/archive.sana.sy\/es\/index.php?rest_route=\/wp\/v2\/types\/post"}],"author":[{"embeddable":true,"href":"https:\/\/archive.sana.sy\/es\/index.php?rest_route=\/wp\/v2\/users\/32"}],"replies":[{"embeddable":true,"href":"https:\/\/archive.sana.sy\/es\/index.php?rest_route=%2Fwp%2Fv2%2Fcomments&post=315818"}],"version-history":[{"count":1,"href":"https:\/\/archive.sana.sy\/es\/index.php?rest_route=\/wp\/v2\/posts\/315818\/revisions"}],"predecessor-version":[{"id":315820,"href":"https:\/\/archive.sana.sy\/es\/index.php?rest_route=\/wp\/v2\/posts\/315818\/revisions\/315820"}],"wp:featuredmedia":[{"embeddable":true,"href":"https:\/\/archive.sana.sy\/es\/index.php?rest_route=\/wp\/v2\/media\/315819"}],"wp:attachment":[{"href":"https:\/\/archive.sana.sy\/es\/index.php?rest_route=%2Fwp%2Fv2%2Fmedia&parent=315818"}],"wp:term":[{"taxonomy":"category","embeddable":true,"href":"https:\/\/archive.sana.sy\/es\/index.php?rest_route=%2Fwp%2Fv2%2Fcategories&post=315818"},{"taxonomy":"post_tag","embeddable":true,"href":"https:\/\/archive.sana.sy\/es\/index.php?rest_route=%2Fwp%2Fv2%2Ftags&post=315818"}],"curies":[{"name":"wp","href":"https:\/\/api.w.org\/{rel}","templated":true}]}}