{"id":315822,"date":"2023-12-02T16:34:14","date_gmt":"2023-12-02T13:34:14","guid":{"rendered":"https:\/\/sana.sy\/es\/?p=315822"},"modified":"2023-12-02T16:34:14","modified_gmt":"2023-12-02T13:34:14","slug":"siria-los-desafios-que-enfrentan-los-paises-del-g77-y-china-requieren-una-respuesta-conjunta","status":"publish","type":"post","link":"https:\/\/archive.sana.sy\/es\/?p=315822","title":{"rendered":"Siria: Los desaf\u00edos que enfrentan los pa\u00edses del G77 y China requieren una respuesta conjunta"},"content":{"rendered":"<p style=\"text-align: justify;\"><span style=\"color: #800000;\"><strong>Dub\u00e1i, 2 dic (SANA)\u00a0<\/strong> <\/span>\u00a0El primer ministro sirio Hussein Arnous consider\u00f3 hoy que los desaf\u00edos comunes que enfrentan los pa\u00edses del G77 y China les exigen trabajar para concretar una respuesta conjunta.<\/p>\n<p style=\"text-align: justify;\">En un discurso pronunciado en la Cumbre del Grupo de los 77 y China celebrada Dub\u00e1i, Emiratos \u00c1rabes Unidos, Arnous agradeci\u00f3 a la amiga Rep\u00fablica de Cuba por su invitaci\u00f3n a celebrar esta cumbre, y reiter\u00f3 el reconocimiento a Emiratos \u00c1rabes Unidos por acoger la Conferencia de los Estados Partes en la Convenci\u00f3n sobre el Clima.<\/p>\n<p style=\"text-align: justify;\">\u201cNuestra reuni\u00f3n celebrada al margen de la cumbre clim\u00e1tica COP28 es una expresi\u00f3n del esp\u00edritu de profunda solidaridad y sincera asociaci\u00f3n entre los pa\u00edses de nuestro grupo, y es una afirmaci\u00f3n de nuestra determinaci\u00f3n de fortalecer nuestros esfuerzos para defender nuestros intereses comunes y tratar los desaf\u00edos que enfrentamos como resultado del cambio clim\u00e1tico, el calentamiento global y los desastres naturales resultantes de ellos\u201d, dijo el jefe del Ejecutivo.<\/p>\n<p style=\"text-align: justify;\">Indic\u00f3 que un gran n\u00famero de pa\u00edses del Sur todav\u00eda enfrentan grandes desaf\u00edos en cuestiones del cambio clim\u00e1tico, incluida la implementaci\u00f3n de proyectos de energ\u00eda renovable y el logro de la seguridad alimentaria, lo que impide su capacidad para alcanzar los objetivos del desarrollo sostenible.<\/p>\n<p style=\"text-align: justify;\">Los desaf\u00edos comunes que enfrentamos requieren que trabajemos para lograr una respuesta conjunta que surja de la conciencia sobre desaf\u00edos que enfrentan los pa\u00edses en desarrollo, que no se limitan a preocupaciones econ\u00f3micas y de seguridad, sino van m\u00e1s all\u00e1 para incluir las repercusiones de la peligrosa situaci\u00f3n ambiental en nuestro planeta, y los desastres naturales como terremotos, inundaciones, huracanes e incendios forestales, puntualiz\u00f3.<\/p>\n<p style=\"text-align: justify;\">Aclar\u00f3 que Oriente Medio ha sido testigo durante decenios de una importante disminuci\u00f3n de las precipitaciones, lo que ha ensombrecido la producci\u00f3n agr\u00edcola y ha provocado una importante disminuci\u00f3n de la proporci\u00f3n de agua per c\u00e1pita.<\/p>\n<p style=\"text-align: justify;\">La guerra terrorista contra Siria ha aumentado la gravedad de los desaf\u00edos medioambientales, y en los \u00faltimos a\u00f1os, hemos sido testigos de la extracci\u00f3n de petr\u00f3leo sirio mediante m\u00e9todos primitivos por parte de organizaciones terroristas y milicias separatistas leales a las fuerzas de ocupaci\u00f3n extranjeras, dijo el alto funcionario.<\/p>\n<p style=\"text-align: justify;\">Asegur\u00f3 que el agua tambi\u00e9n ha sido utilizada como arma por un pa\u00eds vecino, privando a millones de sirios del agua y reducir los caudales del r\u00edo \u00c9ufrates como herramienta de presi\u00f3n y para lograr sus intereses pol\u00edticos.<\/p>\n<p style=\"text-align: justify;\">Denunci\u00f3 que las injustas medidas coercitivas impuestas por Estados Unidos y la Uni\u00f3n Europea privaron al pueblo sirio de sus necesidades b\u00e1sicas, incluidos el combustible y el gas, lo que llev\u00f3 a una parte de los sirios a talar \u00e1rboles para utilizarlos para la calefacci\u00f3n y las actividades cotidianas de la vida.<\/p>\n<p style=\"text-align: justify;\">Seg\u00fan afirm\u00f3 Arnous, a pesar de todos los desaf\u00edos, Siria ha dado muchos pasos en el campo de las energ\u00edas alternativas y ha promulgado nuevas leyes para alentar a los inversores a establecer plantas de generaci\u00f3n de energ\u00eda renovable, y ha facilitado procedimientos para atraer inversiones extranjeras en este sector.<\/p>\n<p style=\"text-align: justify;\">fm\/ed<\/p>\n","protected":false},"excerpt":{"rendered":"<p>Dub\u00e1i, 2 dic (SANA)\u00a0 \u00a0El primer ministro sirio Hussein Arnous consider\u00f3 hoy que los desaf\u00edos comunes que enfrentan los pa\u00edses del G77 y China les exigen trabajar para concretar una respuesta conjunta. En un discurso pronunciado en la Cumbre del Grupo de los 77 y China celebrada Dub\u00e1i, Emiratos \u00c1rabes Unidos, Arnous agradeci\u00f3 a la &hellip;<\/p>\n","protected":false},"author":32,"featured_media":315823,"comment_status":"closed","ping_status":"closed","sticky":false,"template":"","format":"standard","meta":{"footnotes":""},"categories":[597,20724,467,583],"tags":[],"class_list":["post-315822","post","type-post","status-publish","format-standard","has-post-thumbnail","","category-cinta-de-noticias","category-minuto-a-minuto","category-siria-y-el-mundo","category-slide"],"_links":{"self":[{"href":"https:\/\/archive.sana.sy\/es\/index.php?rest_route=\/wp\/v2\/posts\/315822"}],"collection":[{"href":"https:\/\/archive.sana.sy\/es\/index.php?rest_route=\/wp\/v2\/posts"}],"about":[{"href":"https:\/\/archive.sana.sy\/es\/index.php?rest_route=\/wp\/v2\/types\/post"}],"author":[{"embeddable":true,"href":"https:\/\/archive.sana.sy\/es\/index.php?rest_route=\/wp\/v2\/users\/32"}],"replies":[{"embeddable":true,"href":"https:\/\/archive.sana.sy\/es\/index.php?rest_route=%2Fwp%2Fv2%2Fcomments&post=315822"}],"version-history":[{"count":1,"href":"https:\/\/archive.sana.sy\/es\/index.php?rest_route=\/wp\/v2\/posts\/315822\/revisions"}],"predecessor-version":[{"id":315824,"href":"https:\/\/archive.sana.sy\/es\/index.php?rest_route=\/wp\/v2\/posts\/315822\/revisions\/315824"}],"wp:featuredmedia":[{"embeddable":true,"href":"https:\/\/archive.sana.sy\/es\/index.php?rest_route=\/wp\/v2\/media\/315823"}],"wp:attachment":[{"href":"https:\/\/archive.sana.sy\/es\/index.php?rest_route=%2Fwp%2Fv2%2Fmedia&parent=315822"}],"wp:term":[{"taxonomy":"category","embeddable":true,"href":"https:\/\/archive.sana.sy\/es\/index.php?rest_route=%2Fwp%2Fv2%2Fcategories&post=315822"},{"taxonomy":"post_tag","embeddable":true,"href":"https:\/\/archive.sana.sy\/es\/index.php?rest_route=%2Fwp%2Fv2%2Ftags&post=315822"}],"curies":[{"name":"wp","href":"https:\/\/api.w.org\/{rel}","templated":true}]}}