{"id":315837,"date":"2023-12-02T15:55:01","date_gmt":"2023-12-02T12:55:01","guid":{"rendered":"https:\/\/sana.sy\/es\/?p=315837"},"modified":"2023-12-02T19:04:29","modified_gmt":"2023-12-02T16:04:29","slug":"unicef-gaza-es-el-lugar-mas-peligroso-del-mundo-para-los-ninos","status":"publish","type":"post","link":"https:\/\/archive.sana.sy\/es\/?p=315837","title":{"rendered":"Unicef: Gaza es el lugar m\u00e1s peligroso del mundo para los ni\u00f1os"},"content":{"rendered":"<p style=\"text-align: justify;\"><span style=\"color: #800000;\"><strong>Jerusal\u00e9n ocupada, 2 dic (SANA)\u00a0<\/strong><\/span> La Franja de Gaza es hoy el lugar m\u00e1s peligroso del mundo para ser ni\u00f1o, denunci\u00f3 Catherine Russell, directora ejecutiva del Fondo de Naciones Unidas para la Infancia (Unicef).<\/p>\n<p>Antes de la pausa, m\u00e1s de cinco mil 300 menores de edad perdieron la vida en 48 d\u00edas de bombardeos israel\u00edes, una cifra que no incluye a muchos de ellos que siguen desaparecidos y que se presume est\u00e1n enterrados bajo los escombros, lament\u00f3.<\/p>\n<p style=\"text-align: justify;\">Russell advirti\u00f3 que a las bombas se suma la falta de agua, alimentos, suministros m\u00e9dicos, mantas y abrigo para los necesitados, lo cual puede provocar una cat\u00e1strofe humanitaria de grandes proporciones.<\/p>\n<p style=\"text-align: justify;\">Russell renov\u00f3 su llamado a todas las partes para garantizar la protecci\u00f3n y la asistencia de los ni\u00f1os, \u201cde conformidad con sus obligaciones en virtud del derecho internacional humanitario\u201d.<\/p>\n<p style=\"text-align: justify;\">rr<\/p>\n","protected":false},"excerpt":{"rendered":"<p>Jerusal\u00e9n ocupada, 2 dic (SANA)\u00a0 La Franja de Gaza es hoy el lugar m\u00e1s peligroso del mundo para ser ni\u00f1o, denunci\u00f3 Catherine Russell, directora ejecutiva del Fondo de Naciones Unidas para la Infancia (Unicef). Antes de la pausa, m\u00e1s de cinco mil 300 menores de edad perdieron la vida en 48 d\u00edas de bombardeos israel\u00edes, &hellip;<\/p>\n","protected":false},"author":31,"featured_media":315838,"comment_status":"closed","ping_status":"closed","sticky":false,"template":"","format":"standard","meta":{"footnotes":""},"categories":[597,456,16687,7541],"tags":[12002,1494,22452],"class_list":["post-315837","post","type-post","status-publish","format-standard","has-post-thumbnail","","category-cinta-de-noticias","category-arabe-internacional-politica","category-internacionales","category-ultimas-noticias","tag-gaza","tag-palestina","tag-unecif"],"_links":{"self":[{"href":"https:\/\/archive.sana.sy\/es\/index.php?rest_route=\/wp\/v2\/posts\/315837"}],"collection":[{"href":"https:\/\/archive.sana.sy\/es\/index.php?rest_route=\/wp\/v2\/posts"}],"about":[{"href":"https:\/\/archive.sana.sy\/es\/index.php?rest_route=\/wp\/v2\/types\/post"}],"author":[{"embeddable":true,"href":"https:\/\/archive.sana.sy\/es\/index.php?rest_route=\/wp\/v2\/users\/31"}],"replies":[{"embeddable":true,"href":"https:\/\/archive.sana.sy\/es\/index.php?rest_route=%2Fwp%2Fv2%2Fcomments&post=315837"}],"version-history":[{"count":1,"href":"https:\/\/archive.sana.sy\/es\/index.php?rest_route=\/wp\/v2\/posts\/315837\/revisions"}],"predecessor-version":[{"id":315839,"href":"https:\/\/archive.sana.sy\/es\/index.php?rest_route=\/wp\/v2\/posts\/315837\/revisions\/315839"}],"wp:featuredmedia":[{"embeddable":true,"href":"https:\/\/archive.sana.sy\/es\/index.php?rest_route=\/wp\/v2\/media\/315838"}],"wp:attachment":[{"href":"https:\/\/archive.sana.sy\/es\/index.php?rest_route=%2Fwp%2Fv2%2Fmedia&parent=315837"}],"wp:term":[{"taxonomy":"category","embeddable":true,"href":"https:\/\/archive.sana.sy\/es\/index.php?rest_route=%2Fwp%2Fv2%2Fcategories&post=315837"},{"taxonomy":"post_tag","embeddable":true,"href":"https:\/\/archive.sana.sy\/es\/index.php?rest_route=%2Fwp%2Fv2%2Ftags&post=315837"}],"curies":[{"name":"wp","href":"https:\/\/api.w.org\/{rel}","templated":true}]}}