{"id":315846,"date":"2023-12-03T06:00:11","date_gmt":"2023-12-03T03:00:11","guid":{"rendered":"https:\/\/sana.sy\/es\/?p=315846"},"modified":"2023-12-03T19:05:40","modified_gmt":"2023-12-03T16:05:40","slug":"miles-de-franceses-salen-a-las-calles-en-apoyo-a-palestina","status":"publish","type":"post","link":"https:\/\/archive.sana.sy\/es\/?p=315846","title":{"rendered":"Miles de franceses salen a las calles en apoyo a Palestina"},"content":{"rendered":"<p style=\"text-align: justify;\"><span style=\"color: #800000;\"><strong>Par\u00eds, 3 dic (SANA)<\/strong> <\/span>Miles de personas marcharon en Paris y otras ciudades francesas para reclamar el cese de la agresi\u00f3n israel\u00ed en la Franja de Gaza.<\/p>\n<p>Convocados por colectivos como Urgencia Palestina y apoyados por La Francia Insumisa, el Partido Comunista y diversas asociaciones, los manifestantes abogaron por la paz y la justicia.<\/p>\n<p style=\"text-align: justify;\">La mayor movilizaci\u00f3n se produjo en Par\u00eds, con un recorrido de la Plaza de la Rep\u00fablica a la Plaza de la Bastilla, que reuni\u00f3, seg\u00fan la Prefectura de la Polic\u00eda, a siete mil personas, mientras los organizadores hablan de muchas m\u00e1s.<\/p>\n<p style=\"text-align: justify;\">Adem\u00e1s de llamar al alto el fuego en la devastada por Israel Gaza, las marchas condenaron los bombardeos indiscriminados contra el enclave costero.<\/p>\n<p style=\"text-align: justify;\">El l\u00edder de La Francia Insumisa, Jean-Luc M\u00e9lenchon, denunci\u00f3 \u201cuna voluntad genocida\u201d de Israel con la reanudaci\u00f3n de los ataques en la Franja, despu\u00e9s de varios d\u00edas de tregua que posibilitaron la liberaci\u00f3n de rehenes y de prisioneros palestinos.<\/p>\n<p style=\"text-align: justify;\">fm<\/p>\n","protected":false},"excerpt":{"rendered":"<p>Par\u00eds, 3 dic (SANA) Miles de personas marcharon en Paris y otras ciudades francesas para reclamar el cese de la agresi\u00f3n israel\u00ed en la Franja de Gaza. Convocados por colectivos como Urgencia Palestina y apoyados por La Francia Insumisa, el Partido Comunista y diversas asociaciones, los manifestantes abogaron por la paz y la justicia. La &hellip;<\/p>\n","protected":false},"author":34,"featured_media":315847,"comment_status":"closed","ping_status":"closed","sticky":false,"template":"","format":"standard","meta":{"footnotes":""},"categories":[597,456,20724,7541],"tags":[],"class_list":["post-315846","post","type-post","status-publish","format-standard","has-post-thumbnail","","category-cinta-de-noticias","category-arabe-internacional-politica","category-minuto-a-minuto","category-ultimas-noticias"],"_links":{"self":[{"href":"https:\/\/archive.sana.sy\/es\/index.php?rest_route=\/wp\/v2\/posts\/315846"}],"collection":[{"href":"https:\/\/archive.sana.sy\/es\/index.php?rest_route=\/wp\/v2\/posts"}],"about":[{"href":"https:\/\/archive.sana.sy\/es\/index.php?rest_route=\/wp\/v2\/types\/post"}],"author":[{"embeddable":true,"href":"https:\/\/archive.sana.sy\/es\/index.php?rest_route=\/wp\/v2\/users\/34"}],"replies":[{"embeddable":true,"href":"https:\/\/archive.sana.sy\/es\/index.php?rest_route=%2Fwp%2Fv2%2Fcomments&post=315846"}],"version-history":[{"count":2,"href":"https:\/\/archive.sana.sy\/es\/index.php?rest_route=\/wp\/v2\/posts\/315846\/revisions"}],"predecessor-version":[{"id":315921,"href":"https:\/\/archive.sana.sy\/es\/index.php?rest_route=\/wp\/v2\/posts\/315846\/revisions\/315921"}],"wp:featuredmedia":[{"embeddable":true,"href":"https:\/\/archive.sana.sy\/es\/index.php?rest_route=\/wp\/v2\/media\/315847"}],"wp:attachment":[{"href":"https:\/\/archive.sana.sy\/es\/index.php?rest_route=%2Fwp%2Fv2%2Fmedia&parent=315846"}],"wp:term":[{"taxonomy":"category","embeddable":true,"href":"https:\/\/archive.sana.sy\/es\/index.php?rest_route=%2Fwp%2Fv2%2Fcategories&post=315846"},{"taxonomy":"post_tag","embeddable":true,"href":"https:\/\/archive.sana.sy\/es\/index.php?rest_route=%2Fwp%2Fv2%2Ftags&post=315846"}],"curies":[{"name":"wp","href":"https:\/\/api.w.org\/{rel}","templated":true}]}}