{"id":31587,"date":"2015-10-14T18:23:47","date_gmt":"2015-10-14T15:23:47","guid":{"rendered":"http:\/\/sana.sy\/es\/?p=31587"},"modified":"2015-10-14T18:24:24","modified_gmt":"2015-10-14T15:24:24","slug":"lavrov-eeuu-rechazo-recibir-una-delegacion-rusa-que-planeaba-coordinar-con-la-misma-en-la-lucha-antiterrorista","status":"publish","type":"post","link":"https:\/\/archive.sana.sy\/es\/?p=31587","title":{"rendered":"Lavrov: EEUU rechaz\u00f3 una delegaci\u00f3n rusa que planeaba coordinar con la misma en la lucha antiterrorista"},"content":{"rendered":"<p><span style=\"color: #800000\">Mosc\u00fa, SANA<\/span><\/p>\n<p>El canciller ruso, Serguei Lavrov denunci\u00f3 que los intentos de Occidente de obstaculizar el establecimiento de un sistema internacional justo conducir\u00e1n al caos en todo el mundo, destacando que Rusia seguir\u00e1 una pol\u00edtica \u201cindependiente y multidireccional\u201d para profundizar la cooperaci\u00f3n con todos los pa\u00edses en materia de la lucha antiterrorista.<\/p>\n<p>En una alocuci\u00f3n pronunciada ante la c\u00e1mara baja del Parlamento ruso, Lavrov destac\u00f3 que Rusia tiene inter\u00e9s en la cooperaci\u00f3n con Arabia Saudita, Turqu\u00eda y los dem\u00e1s pa\u00edses a fin de encontrar un arreglo de la crisis en Siria.<\/p>\n<p>Por otra parte, el Canciller ruso dijo que el acuerdo entre Rusia y EEUU para evitar incidentes en el espacio a\u00e9reo sirio ser\u00eda vigente en los pr\u00f3ximos d\u00edas.<\/p>\n<p>En este contexto manifest\u00f3 la disposici\u00f3n de Mosc\u00fa de cooperar con Washington respecto a Siria, destacando que esta cooperaci\u00f3n inicia con el desvelo de todos los mapas y los documentos.<\/p>\n<p>En otro contexto, revel\u00f3 que EEUU se neg\u00f3 a recibir a una delegaci\u00f3n presidida por el primer ministro ruso, Dmitri Medv\u00e9dev, que planeaba abordar la coordinaci\u00f3n de la lucha antiterrorista.<\/p>\n<p>Asimismo se\u00f1al\u00f3 que Mosc\u00fa sigue de cerca los desarrollos a nivel interior en las filas de \u201cla oposici\u00f3n armada\u201d en Siria, incluida la alianza autodenominada \u201clas Fuerzas de la Democr\u00e1tica Siria\u201d recientemente formada, agregando que la misma incluye a numerosos grupos armados, entre los cuales formaciones que Mosc\u00fa no las considera como terroristas, tales como las unidades kurdas y milicias cristianas, manifestando la disposici\u00f3n de su pa\u00edses de cooperar con estas bandas.<\/p>\n<p>En este contexto, el eje de la diplomacia rusa dirigi\u00f3 un llamado a Occidente para brindar ayuda a Rusia para contactar con estas bandas armadas.<\/p>\n<p>Por otro lado, Lavrov dijo que aparte de la solicitud de Siria, Mosc\u00f3 a\u00fan no ha recibido ninguna otra petici\u00f3n oficial de otros pa\u00edses respecto a utilizar las fuerzas \u00e1reas rusas para luchar contra el terrorismo en su territorio.<\/p>\n<p>&nbsp;<\/p>\n<p>Lynn A.<\/p>\n","protected":false},"excerpt":{"rendered":"<p>Mosc\u00fa, SANA El canciller ruso, Serguei Lavrov denunci\u00f3 que los intentos de Occidente de obstaculizar el establecimiento de un sistema internacional justo conducir\u00e1n al caos en todo el mundo, destacando que Rusia seguir\u00e1 una pol\u00edtica \u201cindependiente y multidireccional\u201d para profundizar la cooperaci\u00f3n con todos los pa\u00edses en materia de la lucha antiterrorista. En una alocuci\u00f3n &hellip;<\/p>\n","protected":false},"author":24,"featured_media":30686,"comment_status":"closed","ping_status":"closed","sticky":false,"template":"","format":"standard","meta":{"footnotes":""},"categories":[456,457,576],"tags":[7038],"class_list":["post-31587","post","type-post","status-publish","format-standard","has-post-thumbnail","","category-arabe-internacional-politica","category-noticias-arabe-internacional-politica","category-noticias-politicas","tag-lavrov-eeuu-rechazo-recibir-una-delegacion-rusa-que-planeaba-coordinar-con-la-misma-en-la-lucha-antiterrorista"],"_links":{"self":[{"href":"https:\/\/archive.sana.sy\/es\/index.php?rest_route=\/wp\/v2\/posts\/31587"}],"collection":[{"href":"https:\/\/archive.sana.sy\/es\/index.php?rest_route=\/wp\/v2\/posts"}],"about":[{"href":"https:\/\/archive.sana.sy\/es\/index.php?rest_route=\/wp\/v2\/types\/post"}],"author":[{"embeddable":true,"href":"https:\/\/archive.sana.sy\/es\/index.php?rest_route=\/wp\/v2\/users\/24"}],"replies":[{"embeddable":true,"href":"https:\/\/archive.sana.sy\/es\/index.php?rest_route=%2Fwp%2Fv2%2Fcomments&post=31587"}],"version-history":[{"count":0,"href":"https:\/\/archive.sana.sy\/es\/index.php?rest_route=\/wp\/v2\/posts\/31587\/revisions"}],"wp:featuredmedia":[{"embeddable":true,"href":"https:\/\/archive.sana.sy\/es\/index.php?rest_route=\/wp\/v2\/media\/30686"}],"wp:attachment":[{"href":"https:\/\/archive.sana.sy\/es\/index.php?rest_route=%2Fwp%2Fv2%2Fmedia&parent=31587"}],"wp:term":[{"taxonomy":"category","embeddable":true,"href":"https:\/\/archive.sana.sy\/es\/index.php?rest_route=%2Fwp%2Fv2%2Fcategories&post=31587"},{"taxonomy":"post_tag","embeddable":true,"href":"https:\/\/archive.sana.sy\/es\/index.php?rest_route=%2Fwp%2Fv2%2Ftags&post=31587"}],"curies":[{"name":"wp","href":"https:\/\/api.w.org\/{rel}","templated":true}]}}