{"id":315900,"date":"2023-12-03T06:02:56","date_gmt":"2023-12-03T03:02:56","guid":{"rendered":"https:\/\/sana.sy\/es\/?p=315900"},"modified":"2023-12-03T19:06:22","modified_gmt":"2023-12-03T16:06:22","slug":"onu-describe-la-desesperante-situacion-de-un-hospital-de-gaza","status":"publish","type":"post","link":"https:\/\/archive.sana.sy\/es\/?p=315900","title":{"rendered":"ONU describe la desesperante situaci\u00f3n de un hospital de Gaza"},"content":{"rendered":"<blockquote>\n<p style=\"text-align: justify;\"><span style=\"color: #993300;\">&#8220;No encuentro palabras lo suficientemente fuertes para expresar nuestra preocupaci\u00f3n por lo que estamos presenciando&#8221;, asever\u00f3 el jefe de la OMS.<\/span><\/p>\n<\/blockquote>\n<p style=\"text-align: justify;\"><span style=\"color: #800000;\"><strong>Ginebra, 03 dic (SANA)\u00a0<\/strong> <\/span>\u00a0El director general de la Organizaci\u00f3n Mundial para la Salud (OMS), Tedros Adhanom Ghebreyesus, describi\u00f3 la desesperante situaci\u00f3n que atraviesan los sanatorios de la Franja de Gaza, concretamente el hospital de Nassar, en Jan Yunis, en el sur del enclave.<\/p>\n<p style=\"text-align: justify;\">&#8220;Los informes sobre las hostilidades en curso y los intensos bombardeos en Gaza son petrificantes. Ayer nuestro equipo visit\u00f3 el Hospital M\u00e9dico Nassar en el sur. Estaba lleno con 1.000 pacientes, tres veces m\u00e1s que su capacidad&#8221;, escribi\u00f3 este domingo el alto cargo.<\/p>\n<p style=\"text-align: justify;\">En ese sentido, describi\u00f3 que en el lugar &#8220;innumerables personas buscaban refugio, llenando cada rinc\u00f3n de las instalaciones&#8221;, recibiendo atenci\u00f3n en el suelo y &#8220;gritando de dolor&#8221;.<\/p>\n<p style=\"text-align: justify;\">&#8220;Estas condiciones son m\u00e1s que inadecuadas: inimaginables para la prestaci\u00f3n de atenci\u00f3n sanitaria. No encuentro palabras lo suficientemente fuertes para expresar nuestra preocupaci\u00f3n por lo que estamos presenciando&#8221;, asever\u00f3 Ghebreyesus, que exigi\u00f3 un inmediato alto al fuego.<\/p>\n<p style=\"text-align: justify;\">Desde que comenz\u00f3 la guerra entre Israel y el grupo palestino Ham\u00e1s, m\u00e1s de 6.000 ni\u00f1os se encuentran entre los muertos por los ataques de las Fuerzas de Defensa de Israel en la Franja de Gaza.<\/p>\n<p style=\"text-align: justify;\">rr<\/p>\n","protected":false},"excerpt":{"rendered":"<p>&#8220;No encuentro palabras lo suficientemente fuertes para expresar nuestra preocupaci\u00f3n por lo que estamos presenciando&#8221;, asever\u00f3 el jefe de la OMS. Ginebra, 03 dic (SANA)\u00a0 \u00a0El director general de la Organizaci\u00f3n Mundial para la Salud (OMS), Tedros Adhanom Ghebreyesus, describi\u00f3 la desesperante situaci\u00f3n que atraviesan los sanatorios de la Franja de Gaza, concretamente el hospital &hellip;<\/p>\n","protected":false},"author":31,"featured_media":315901,"comment_status":"closed","ping_status":"closed","sticky":false,"template":"","format":"standard","meta":{"footnotes":""},"categories":[597,456,16687,7541],"tags":[11310,12002,8799,1494],"class_list":["post-315900","post","type-post","status-publish","format-standard","has-post-thumbnail","","category-cinta-de-noticias","category-arabe-internacional-politica","category-internacionales","category-ultimas-noticias","tag-oms","tag-gaza","tag-onu","tag-palestina"],"_links":{"self":[{"href":"https:\/\/archive.sana.sy\/es\/index.php?rest_route=\/wp\/v2\/posts\/315900"}],"collection":[{"href":"https:\/\/archive.sana.sy\/es\/index.php?rest_route=\/wp\/v2\/posts"}],"about":[{"href":"https:\/\/archive.sana.sy\/es\/index.php?rest_route=\/wp\/v2\/types\/post"}],"author":[{"embeddable":true,"href":"https:\/\/archive.sana.sy\/es\/index.php?rest_route=\/wp\/v2\/users\/31"}],"replies":[{"embeddable":true,"href":"https:\/\/archive.sana.sy\/es\/index.php?rest_route=%2Fwp%2Fv2%2Fcomments&post=315900"}],"version-history":[{"count":1,"href":"https:\/\/archive.sana.sy\/es\/index.php?rest_route=\/wp\/v2\/posts\/315900\/revisions"}],"predecessor-version":[{"id":315902,"href":"https:\/\/archive.sana.sy\/es\/index.php?rest_route=\/wp\/v2\/posts\/315900\/revisions\/315902"}],"wp:featuredmedia":[{"embeddable":true,"href":"https:\/\/archive.sana.sy\/es\/index.php?rest_route=\/wp\/v2\/media\/315901"}],"wp:attachment":[{"href":"https:\/\/archive.sana.sy\/es\/index.php?rest_route=%2Fwp%2Fv2%2Fmedia&parent=315900"}],"wp:term":[{"taxonomy":"category","embeddable":true,"href":"https:\/\/archive.sana.sy\/es\/index.php?rest_route=%2Fwp%2Fv2%2Fcategories&post=315900"},{"taxonomy":"post_tag","embeddable":true,"href":"https:\/\/archive.sana.sy\/es\/index.php?rest_route=%2Fwp%2Fv2%2Ftags&post=315900"}],"curies":[{"name":"wp","href":"https:\/\/api.w.org\/{rel}","templated":true}]}}